{"id":1717,"date":"2014-05-02T17:30:34","date_gmt":"2014-05-02T16:30:34","guid":{"rendered":"http:\/\/www.hispanoa.com\/actualite\/?p=1717"},"modified":"2025-06-12T09:48:18","modified_gmt":"2025-06-12T08:48:18","slug":"parades-des-moros-y-cristianos","status":"publish","type":"post","link":"https:\/\/www.hispanoa.com\/actualite\/parades-des-moros-y-cristianos\/","title":{"rendered":"Parades des Moros y Cristianos"},"content":{"rendered":"<p>La f\u00eate des Moros y Cristianos, c\u00e9l\u00e9br\u00e9e un peu partout en Espagne \u00e0 des dates diverses, est l\u2019occasion de grandes parades sur la c\u00f4te d\u2019Alicante.<\/p>\n<h2>Une f\u00eate vieille de plusieurs si\u00e8cles<\/h2>\n<p>La f\u00eate des Moros y Cristianos, rappelle la lutte entre Chr\u00e9tiens et Maures se terminant par la victoire des Chr\u00e9tiens dans l\u2019assaut final donn\u00e9 au ch\u00e2teau. Des troupes de figurants forment la bande des Maures et la bande des Chr\u00e9tiens. Ils sont rev\u00eatus de costumes et d\u2019armures d\u2019\u00e9poque confectionn\u00e9s \u00e0 la main avec authenticit\u00e9.<\/p>\n<p><a href=\"https:\/\/www.hispanoa.com\/actualite\/wp-content\/uploads\/2014\/04\/moros-cristianos.jpg\"><img fetchpriority=\"high\" decoding=\"async\" width=\"1600\" height=\"1177\" class=\"aligncenter size-full wp-image-1718\" src=\"https:\/\/www.hispanoa.com\/actualite\/wp-content\/uploads\/2014\/04\/moros-cristianos.jpg\" alt=\"Moros y Cristianos\" srcset=\"https:\/\/www.hispanoa.com\/actualite\/wp-content\/uploads\/2014\/04\/moros-cristianos.jpg 1600w, https:\/\/www.hispanoa.com\/actualite\/wp-content\/uploads\/2014\/04\/moros-cristianos-225x166.jpg 225w, https:\/\/www.hispanoa.com\/actualite\/wp-content\/uploads\/2014\/04\/moros-cristianos-1024x753.jpg 1024w\" sizes=\"(max-width: 1600px) 100vw, 1600px\" \/><\/a><\/p>\n<p>La date des c\u00e9l\u00e9brations varie selon les localit\u00e9s qui adaptent cette f\u00eate en hommage \u00e0 leurs saints. Les habitants participent activement \u00e0 la f\u00eate en s\u2019habillant avec des habits d\u2019\u00e9poque.<\/p>\n<h2>Parades sur la c\u00f4te d&#8217;Alicante<\/h2>\n<p>Villajoyosa, au sud de <a href=\"https:\/\/www.hispanoa.com\/fr\/location-vacances-espagne_1377\/\">Benidorm<\/a>, revit son histoire au mois de juillet en rendant honneur \u00e0 Santa Marta qui provoqua une inondation pour emp\u00eacher les assaillants d\u2019aborder la c\u00f4te. La mise en sc\u00e8ne du d\u00e9barquement des Maures rejet\u00e9s \u00e0 la mer est le point culminant dans la lutte des deux camps pour prendre la forteresse. Des concours de gastronomie, des feux d\u2019artifice et des concerts de musique agr\u00e9mentent la f\u00eate pour le plus grand plaisir des habitants et des touristes.<\/p>\n<p><a href=\"https:\/\/www.hispanoa.com\/actualite\/wp-content\/uploads\/2014\/04\/debarquement-maures-espagne.jpg\"><img decoding=\"async\" width=\"1000\" height=\"600\" class=\"aligncenter size-full wp-image-1720\" src=\"https:\/\/www.hispanoa.com\/actualite\/wp-content\/uploads\/2014\/04\/debarquement-maures-espagne.jpg\" alt=\"D\u00e9barquement Maures Espagne\" srcset=\"https:\/\/www.hispanoa.com\/actualite\/wp-content\/uploads\/2014\/04\/debarquement-maures-espagne.jpg 1000w, https:\/\/www.hispanoa.com\/actualite\/wp-content\/uploads\/2014\/04\/debarquement-maures-espagne-276x166.jpg 276w\" sizes=\"(max-width: 1000px) 100vw, 1000px\" \/><\/a><\/p>\n<p>Altea, au nord de Benidorm, marque au mois de septembre la f\u00eate des Moros y Cristianos par l\u2019organisation d\u2019un festival. D\u2019innombrables parades de figurants rev\u00eatus de costumes spectaculaires envahissent les rues au son de la musique des troupes. Apr\u00e8s l\u2019assaut final donn\u00e9 au ch\u00e2teau d\u00e9fendu par les Chr\u00e9tiens, la f\u00eate se poursuit dans l\u2019apoth\u00e9ose par d\u2019impressionnants feux d\u2019artifice. Les habitants d\u2019Altea honorent \u00e0 cette occasion la Vierge du Consuelo par l\u2019offrande de fleurs et forment une procession portant le Christ dans les rues d\u2019Altea.<\/p>\n<p><span style=\"color: #c0c0c0;\">Cr\u00e9dit image :\u00a0Beatriz Sirvent<\/span><\/p>\n","protected":false},"excerpt":{"rendered":"<p>La f\u00eate des Moros y Cristianos, c\u00e9l\u00e9br\u00e9e un peu partout en Espagne \u00e0 des dates diverses, est l\u2019occasion de grandes parades sur la c\u00f4te d\u2019Alicante. Une f\u00eate vieille de plusieurs<\/p>\n","protected":false},"author":2,"featured_media":1719,"comment_status":"closed","ping_status":"open","sticky":false,"template":"","format":"standard","meta":{"_seopress_robots_primary_cat":"","_seopress_titles_title":"","_seopress_titles_desc":"","_seopress_robots_index":"","ocean_post_layout":"","ocean_both_sidebars_style":"","ocean_both_sidebars_content_width":0,"ocean_both_sidebars_sidebars_width":0,"ocean_sidebar":"0","ocean_second_sidebar":"0","ocean_disable_margins":"enable","ocean_add_body_class":"","ocean_shortcode_before_top_bar":"","ocean_shortcode_after_top_bar":"","ocean_shortcode_before_header":"","ocean_shortcode_after_header":"","ocean_has_shortcode":"","ocean_shortcode_after_title":"","ocean_shortcode_before_footer_widgets":"","ocean_shortcode_after_footer_widgets":"","ocean_shortcode_before_footer_bottom":"","ocean_shortcode_after_footer_bottom":"","ocean_display_top_bar":"default","ocean_display_header":"default","ocean_header_style":"","ocean_center_header_left_menu":"0","ocean_custom_header_template":"0","ocean_custom_logo":0,"ocean_custom_retina_logo":0,"ocean_custom_logo_max_width":0,"ocean_custom_logo_tablet_max_width":0,"ocean_custom_logo_mobile_max_width":0,"ocean_custom_logo_max_height":0,"ocean_custom_logo_tablet_max_height":0,"ocean_custom_logo_mobile_max_height":0,"ocean_header_custom_menu":"0","ocean_menu_typo_font_family":"0","ocean_menu_typo_font_subset":"","ocean_menu_typo_font_size":0,"ocean_menu_typo_font_size_tablet":0,"ocean_menu_typo_font_size_mobile":0,"ocean_menu_typo_font_size_unit":"px","ocean_menu_typo_font_weight":"","ocean_menu_typo_font_weight_tablet":"","ocean_menu_typo_font_weight_mobile":"","ocean_menu_typo_transform":"","ocean_menu_typo_transform_tablet":"","ocean_menu_typo_transform_mobile":"","ocean_menu_typo_line_height":0,"ocean_menu_typo_line_height_tablet":0,"ocean_menu_typo_line_height_mobile":0,"ocean_menu_typo_line_height_unit":"","ocean_menu_typo_spacing":0,"ocean_menu_typo_spacing_tablet":0,"ocean_menu_typo_spacing_mobile":0,"ocean_menu_typo_spacing_unit":"","ocean_menu_link_color":"","ocean_menu_link_color_hover":"","ocean_menu_link_color_active":"","ocean_menu_link_background":"","ocean_menu_link_hover_background":"","ocean_menu_link_active_background":"","ocean_menu_social_links_bg":"","ocean_menu_social_hover_links_bg":"","ocean_menu_social_links_color":"","ocean_menu_social_hover_links_color":"","ocean_disable_title":"default","ocean_disable_heading":"default","ocean_post_title":"","ocean_post_subheading":"","ocean_post_title_style":"","ocean_post_title_background_color":"","ocean_post_title_background":0,"ocean_post_title_bg_image_position":"","ocean_post_title_bg_image_attachment":"","ocean_post_title_bg_image_repeat":"","ocean_post_title_bg_image_size":"","ocean_post_title_height":0,"ocean_post_title_bg_overlay":0.5,"ocean_post_title_bg_overlay_color":"","ocean_disable_breadcrumbs":"default","ocean_breadcrumbs_color":"","ocean_breadcrumbs_separator_color":"","ocean_breadcrumbs_links_color":"","ocean_breadcrumbs_links_hover_color":"","ocean_display_footer_widgets":"default","ocean_display_footer_bottom":"default","ocean_custom_footer_template":"0","ocean_post_oembed":"","ocean_post_self_hosted_media":"","ocean_post_video_embed":"","ocean_link_format":"","ocean_link_format_target":"self","ocean_quote_format":"","ocean_quote_format_link":"post","ocean_gallery_link_images":"on","ocean_gallery_id":[],"footnotes":""},"categories":[230],"tags":[],"class_list":["post-1717","post","type-post","status-publish","format-standard","has-post-thumbnail","hentry","category-vacances-en-espagne","entry","has-media"],"_links":{"self":[{"href":"https:\/\/www.hispanoa.com\/actualite\/wp-json\/wp\/v2\/posts\/1717","targetHints":{"allow":["GET"]}}],"collection":[{"href":"https:\/\/www.hispanoa.com\/actualite\/wp-json\/wp\/v2\/posts"}],"about":[{"href":"https:\/\/www.hispanoa.com\/actualite\/wp-json\/wp\/v2\/types\/post"}],"author":[{"embeddable":true,"href":"https:\/\/www.hispanoa.com\/actualite\/wp-json\/wp\/v2\/users\/2"}],"replies":[{"embeddable":true,"href":"https:\/\/www.hispanoa.com\/actualite\/wp-json\/wp\/v2\/comments?post=1717"}],"version-history":[{"count":4,"href":"https:\/\/www.hispanoa.com\/actualite\/wp-json\/wp\/v2\/posts\/1717\/revisions"}],"predecessor-version":[{"id":3846,"href":"https:\/\/www.hispanoa.com\/actualite\/wp-json\/wp\/v2\/posts\/1717\/revisions\/3846"}],"wp:featuredmedia":[{"embeddable":true,"href":"https:\/\/www.hispanoa.com\/actualite\/wp-json\/wp\/v2\/media\/1719"}],"wp:attachment":[{"href":"https:\/\/www.hispanoa.com\/actualite\/wp-json\/wp\/v2\/media?parent=1717"}],"wp:term":[{"taxonomy":"category","embeddable":true,"href":"https:\/\/www.hispanoa.com\/actualite\/wp-json\/wp\/v2\/categories?post=1717"},{"taxonomy":"post_tag","embeddable":true,"href":"https:\/\/www.hispanoa.com\/actualite\/wp-json\/wp\/v2\/tags?post=1717"}],"curies":[{"name":"wp","href":"https:\/\/api.w.org\/{rel}","templated":true}]}}