{"id":1859,"date":"2014-07-08T14:45:31","date_gmt":"2014-07-08T13:45:31","guid":{"rendered":"http:\/\/www.hispanoa.com\/actualite\/?p=1859"},"modified":"2025-06-10T14:15:33","modified_gmt":"2025-06-10T13:15:33","slug":"presentation-de-llafranc","status":"publish","type":"post","link":"https:\/\/www.hispanoa.com\/actualite\/presentation-de-llafranc\/","title":{"rendered":"Pr\u00e9sentation de Llafranc"},"content":{"rendered":"<p>Llafranc est un charmant hameau, appartenant \u00e0 la commune de Palafrugell, de la province de G\u00e9rone.<\/p>\n<h2>Un hameau populaire<\/h2>\n<p>Llafranc est situ\u00e9e au nord de la Catalogne, et fait partie int\u00e9grante de la <a href=\"https:\/\/www.hispanoa.com\/fr\/location-vacances-costa-brava_2020\/\">Costa Brava<\/a>. Vous y trouverez toutefois plus de tranquillit\u00e9 que dans les stations baln\u00e9aires voisines. Parfois surnomm\u00e9 la &#8220;Laguna Beach&#8221; de l&#8217;Espagne, le village est consid\u00e9r\u00e9 comme une destination luxueuse pour des vacances, en raison de ses habitants riches, distingu\u00e9s et des \u00e9tonnantes maisons que l\u2019on y trouve.<\/p>\n<p><img fetchpriority=\"high\" decoding=\"async\" width=\"1000\" height=\"750\" class=\"aligncenter size-full wp-image-1860\" src=\"https:\/\/www.hispanoa.com\/actualite\/wp-content\/uploads\/2014\/07\/llafranc-espagne-hispanoa.jpg\" alt=\"Llafranc Espagne\" srcset=\"https:\/\/www.hispanoa.com\/actualite\/wp-content\/uploads\/2014\/07\/llafranc-espagne-hispanoa.jpg 1000w, https:\/\/www.hispanoa.com\/actualite\/wp-content\/uploads\/2014\/07\/llafranc-espagne-hispanoa-221x166.jpg 221w\" sizes=\"(max-width: 1000px) 100vw, 1000px\" \/><\/p>\n<p>Parmi les lieux c\u00e9l\u00e8bres de la ville, on peut citer l\u2019h\u00f4tel Llafranc, qui domine la promenade maritime, et qui doit sa renomm\u00e9e au passage de nombreux artistes populaires, tel que le peintre Salvador Dali, le po\u00e8te Ernest Hemingway ou plus r\u00e9cemment l\u2019\u00e9crivain Tom Sharpe, d\u00e9c\u00e9d\u00e9 dans le hameau en 2013.<\/p>\n<p>On peut \u00e9galement citer le ch\u00e2teau de Begur, ainsi que le phare de San Sebasti\u00e1n situ\u00e9 dans le hameau voisin, \u00e0 moins de 2 kilom\u00e8tres.<\/p>\n<h2><strong>Les activit\u00e9s nautiques \u00e0 l\u2019honneur<\/strong><\/h2>\n<p>L\u2019ensemble des constructions r\u00e9centes sont cach\u00e9es par la verdure environnante, et les plages sont bord\u00e9es de pins parasols, ce qui vient ajouter au charme de la ville. Ainsi ombrag\u00e9e, la promenade est parfaitement agr\u00e9able \u00e0 parcourir pour atteindre un petit port de plaisance moderne, o\u00f9 vous trouverez le c\u00e9l\u00e8bre club Nautica Llafranc. Son agencement et son paysage offrent les conditions id\u00e9ales pour faire de la voile.<\/p>\n<p><img decoding=\"async\" width=\"1000\" height=\"750\" class=\"aligncenter size-full wp-image-1861\" src=\"https:\/\/www.hispanoa.com\/actualite\/wp-content\/uploads\/2014\/07\/port-llafranc-espagne-hispanoa.jpg\" alt=\"Port de Llafranc en Espagne\" srcset=\"https:\/\/www.hispanoa.com\/actualite\/wp-content\/uploads\/2014\/07\/port-llafranc-espagne-hispanoa.jpg 1000w, https:\/\/www.hispanoa.com\/actualite\/wp-content\/uploads\/2014\/07\/port-llafranc-espagne-hispanoa-221x166.jpg 221w\" sizes=\"(max-width: 1000px) 100vw, 1000px\" \/><\/p>\n<p>Llafranc est \u00e9galement un bel endroit pour pratiquer la plong\u00e9e sous-marine, notamment le site de la Isla Negra, parfaitement adapt\u00e9 aux d\u00e9butants. Pour cela, vous pouvez faire appel au centre de plong\u00e9e Snorkel, situ\u00e9 avenue del Mar.<\/p>\n<p>Si jamais des vacances sur place vous int\u00e9ressent, la <a title=\"Location de villa \u00e0 Llafranc\" href=\"https:\/\/www.hispanoa.com\/fr\/location-vacances-costa-brava_2020\/\">r\u00e9servation de villa \u00e0 Llafranc<\/a> c&#8217;est avec Hispanoa !<\/p>\n","protected":false},"excerpt":{"rendered":"<p>Llafranc est un charmant hameau, appartenant \u00e0 la commune de Palafrugell, de la province de G\u00e9rone. Un hameau populaire Llafranc est situ\u00e9e au nord de la Catalogne, et fait partie<\/p>\n","protected":false},"author":2,"featured_media":1862,"comment_status":"closed","ping_status":"open","sticky":false,"template":"","format":"standard","meta":{"_seopress_robots_primary_cat":"","_seopress_titles_title":"Llafranc : location de villa sur la costa brava en Espagne | %%sitetitle%%","_seopress_titles_desc":"","_seopress_robots_index":"","ocean_post_layout":"","ocean_both_sidebars_style":"","ocean_both_sidebars_content_width":0,"ocean_both_sidebars_sidebars_width":0,"ocean_sidebar":"0","ocean_second_sidebar":"0","ocean_disable_margins":"enable","ocean_add_body_class":"","ocean_shortcode_before_top_bar":"","ocean_shortcode_after_top_bar":"","ocean_shortcode_before_header":"","ocean_shortcode_after_header":"","ocean_has_shortcode":"","ocean_shortcode_after_title":"","ocean_shortcode_before_footer_widgets":"","ocean_shortcode_after_footer_widgets":"","ocean_shortcode_before_footer_bottom":"","ocean_shortcode_after_footer_bottom":"","ocean_display_top_bar":"default","ocean_display_header":"default","ocean_header_style":"","ocean_center_header_left_menu":"0","ocean_custom_header_template":"0","ocean_custom_logo":0,"ocean_custom_retina_logo":0,"ocean_custom_logo_max_width":0,"ocean_custom_logo_tablet_max_width":0,"ocean_custom_logo_mobile_max_width":0,"ocean_custom_logo_max_height":0,"ocean_custom_logo_tablet_max_height":0,"ocean_custom_logo_mobile_max_height":0,"ocean_header_custom_menu":"0","ocean_menu_typo_font_family":"0","ocean_menu_typo_font_subset":"","ocean_menu_typo_font_size":0,"ocean_menu_typo_font_size_tablet":0,"ocean_menu_typo_font_size_mobile":0,"ocean_menu_typo_font_size_unit":"px","ocean_menu_typo_font_weight":"","ocean_menu_typo_font_weight_tablet":"","ocean_menu_typo_font_weight_mobile":"","ocean_menu_typo_transform":"","ocean_menu_typo_transform_tablet":"","ocean_menu_typo_transform_mobile":"","ocean_menu_typo_line_height":0,"ocean_menu_typo_line_height_tablet":0,"ocean_menu_typo_line_height_mobile":0,"ocean_menu_typo_line_height_unit":"","ocean_menu_typo_spacing":0,"ocean_menu_typo_spacing_tablet":0,"ocean_menu_typo_spacing_mobile":0,"ocean_menu_typo_spacing_unit":"","ocean_menu_link_color":"","ocean_menu_link_color_hover":"","ocean_menu_link_color_active":"","ocean_menu_link_background":"","ocean_menu_link_hover_background":"","ocean_menu_link_active_background":"","ocean_menu_social_links_bg":"","ocean_menu_social_hover_links_bg":"","ocean_menu_social_links_color":"","ocean_menu_social_hover_links_color":"","ocean_disable_title":"default","ocean_disable_heading":"default","ocean_post_title":"","ocean_post_subheading":"","ocean_post_title_style":"","ocean_post_title_background_color":"","ocean_post_title_background":0,"ocean_post_title_bg_image_position":"","ocean_post_title_bg_image_attachment":"","ocean_post_title_bg_image_repeat":"","ocean_post_title_bg_image_size":"","ocean_post_title_height":0,"ocean_post_title_bg_overlay":0.5,"ocean_post_title_bg_overlay_color":"","ocean_disable_breadcrumbs":"default","ocean_breadcrumbs_color":"","ocean_breadcrumbs_separator_color":"","ocean_breadcrumbs_links_color":"","ocean_breadcrumbs_links_hover_color":"","ocean_display_footer_widgets":"default","ocean_display_footer_bottom":"default","ocean_custom_footer_template":"0","ocean_post_oembed":"","ocean_post_self_hosted_media":"","ocean_post_video_embed":"","ocean_link_format":"","ocean_link_format_target":"self","ocean_quote_format":"","ocean_quote_format_link":"post","ocean_gallery_link_images":"on","ocean_gallery_id":[],"footnotes":""},"categories":[562,676],"tags":[],"class_list":["post-1859","post","type-post","status-publish","format-standard","has-post-thumbnail","hentry","category-costa-brava","category-llafranc","entry","has-media"],"_links":{"self":[{"href":"https:\/\/www.hispanoa.com\/actualite\/wp-json\/wp\/v2\/posts\/1859","targetHints":{"allow":["GET"]}}],"collection":[{"href":"https:\/\/www.hispanoa.com\/actualite\/wp-json\/wp\/v2\/posts"}],"about":[{"href":"https:\/\/www.hispanoa.com\/actualite\/wp-json\/wp\/v2\/types\/post"}],"author":[{"embeddable":true,"href":"https:\/\/www.hispanoa.com\/actualite\/wp-json\/wp\/v2\/users\/2"}],"replies":[{"embeddable":true,"href":"https:\/\/www.hispanoa.com\/actualite\/wp-json\/wp\/v2\/comments?post=1859"}],"version-history":[{"count":5,"href":"https:\/\/www.hispanoa.com\/actualite\/wp-json\/wp\/v2\/posts\/1859\/revisions"}],"predecessor-version":[{"id":3960,"href":"https:\/\/www.hispanoa.com\/actualite\/wp-json\/wp\/v2\/posts\/1859\/revisions\/3960"}],"wp:featuredmedia":[{"embeddable":true,"href":"https:\/\/www.hispanoa.com\/actualite\/wp-json\/wp\/v2\/media\/1862"}],"wp:attachment":[{"href":"https:\/\/www.hispanoa.com\/actualite\/wp-json\/wp\/v2\/media?parent=1859"}],"wp:term":[{"taxonomy":"category","embeddable":true,"href":"https:\/\/www.hispanoa.com\/actualite\/wp-json\/wp\/v2\/categories?post=1859"},{"taxonomy":"post_tag","embeddable":true,"href":"https:\/\/www.hispanoa.com\/actualite\/wp-json\/wp\/v2\/tags?post=1859"}],"curies":[{"name":"wp","href":"https:\/\/api.w.org\/{rel}","templated":true}]}}