{"id":1897,"date":"2014-08-07T16:49:17","date_gmt":"2014-08-07T15:49:17","guid":{"rendered":"http:\/\/www.hispanoa.com\/actualite\/?p=1897"},"modified":"2025-06-10T14:13:47","modified_gmt":"2025-06-10T13:13:47","slug":"calella-de-palafrugell","status":"publish","type":"post","link":"https:\/\/www.hispanoa.com\/actualite\/calella-de-palafrugell\/","title":{"rendered":"Calella de Palafrugell"},"content":{"rendered":"<p>Entre plages et rochers, Calella de Palafrugell vous propose des vacances calmes et reposantes dans le cadre naturel et pr\u00e9serv\u00e9 d\u2019un village de p\u00eacheurs.<\/p>\n<h2>Une c\u00f4te magnifique \u00e0 d\u00e9couvrir<\/h2>\n<p>Callela est un noyau urbain de la <a href=\"https:\/\/www.hispanoa.com\/fr\/location-vacances-costa-brava_2020\/\">Costa Brava<\/a> appartenant \u00e0 la commune de Palafrugell, situ\u00e9e dans la province de G\u00e9rone, en Catalogne. Il est de loin le plus grand, accueillant pr\u00e8s de 800 habitants (contre 300 en moyenne pour ses hameaux voisins, Llufriu, Llafranc, Tamariu\u2026).<\/p>\n<p><img fetchpriority=\"high\" decoding=\"async\" width=\"1000\" height=\"665\" class=\"aligncenter size-full wp-image-1899\" src=\"https:\/\/www.hispanoa.com\/actualite\/wp-content\/uploads\/2014\/08\/port-calella-de-palafrugell.png\" alt=\"Port Calella de Palafrugell\" srcset=\"https:\/\/www.hispanoa.com\/actualite\/wp-content\/uploads\/2014\/08\/port-calella-de-palafrugell.png 1000w, https:\/\/www.hispanoa.com\/actualite\/wp-content\/uploads\/2014\/08\/port-calella-de-palafrugell-249x166.png 249w\" sizes=\"(max-width: 1000px) 100vw, 1000px\" \/><\/p>\n<p>Petite station baln\u00e9aire, elle est avant tout un village de p\u00eacheurs, et elle a su garder son \u00e2me. Ainsi, vous n\u2019y trouverez pas de grands complexes h\u00f4teliers, mais plusieurs charmants g\u00eetes, appartements de <a href=\"https:\/\/www.hispanoa.com\/fr\/location-vacances-costa-brava_2020\/\">location \u00e0 Calella de Palafruguell<\/a> et petits h\u00f4tels standards donnant sur la mer.<\/p>\n<p>Le littoral est dessin\u00e9 par une multitude de rochers, falaises et recoins d&#8217;une grande beaut\u00e9 et quelquefois presque secrets. Une excursion en barque ou en cano\u00eb le long des c\u00f4tes vous permettra d\u2019en d\u00e9couvrir tous les charmes.<br \/>\nLa principale plage de la ville est Canadell, o\u00f9 l\u2019on trouve le Tragamar, un restaurant r\u00e9put\u00e9 ouvert durant toute la haute saison. Mais vous pouvez \u00e9galement compter sur la petite plage de Port Bo, o\u00f9 se trouvent de nombreux petits bateaux de p\u00eache, ou encore El Golfet, plage paradisiaque situ\u00e9e \u00e0 moins de deux kilom\u00e8tres de la ville.<\/p>\n<p><img decoding=\"async\" width=\"1000\" height=\"750\" class=\"aligncenter size-full wp-image-1900\" src=\"https:\/\/www.hispanoa.com\/actualite\/wp-content\/uploads\/2014\/08\/plage-calella-de-palafrugel.png\" alt=\"Plage Calella de Palafrugell\" srcset=\"https:\/\/www.hispanoa.com\/actualite\/wp-content\/uploads\/2014\/08\/plage-calella-de-palafrugel.png 1000w, https:\/\/www.hispanoa.com\/actualite\/wp-content\/uploads\/2014\/08\/plage-calella-de-palafrugel-221x166.png 221w\" sizes=\"(max-width: 1000px) 100vw, 1000px\" \/><\/p>\n<h2>Agenda de Calella de Palafrugell<\/h2>\n<p>March\u00e9s : tous les matins du mardi au samedi se tiennent un petit march\u00e9 o\u00f9 vous pourrez acheter des fruits, l\u00e9gumes et poissons frais pour cuisiner les mets typiques de la ville. Les dimanches, vous trouverez, en plus, des \u00e9tals de v\u00eatements, de chaussures, de musique et de souvenirs.<\/p>\n<p>Au printemps, les f\u00eates du printemps proposent des concerts, des spectacles et des activit\u00e9s pour les enfants, des expositions, etc. Le clou de la f\u00eate est le carrousel Costa Brava, organis\u00e9 le dimanche de la Pentec\u00f4te.<\/p>\n<p>Du 20 au 29 avril : \u00e0 Palafrugell, le festival Flors i Violes met \u00e0 l\u2019honneur les fleurs, la musique et l\u2019art, avec des animations et des promenades pour petits et grands.<\/p>\n<p>1\u1d49\u02b3 samedi de juillet : R\u00e9cital d&#8217;Habaneras de Calella sur la plage de Port Bo.<\/p>\n","protected":false},"excerpt":{"rendered":"<p>Entre plages et rochers, Calella de Palafrugell vous propose des vacances calmes et reposantes dans le cadre naturel et pr\u00e9serv\u00e9 d\u2019un village de p\u00eacheurs. Une c\u00f4te magnifique \u00e0 d\u00e9couvrir Callela<\/p>\n","protected":false},"author":2,"featured_media":1898,"comment_status":"closed","ping_status":"open","sticky":false,"template":"","format":"standard","meta":{"_seopress_robots_primary_cat":"","_seopress_titles_title":"Location de vacances \u00e0 Calella de Palafrugell | %%sitetitle%%","_seopress_titles_desc":"","_seopress_robots_index":"","ocean_post_layout":"","ocean_both_sidebars_style":"","ocean_both_sidebars_content_width":0,"ocean_both_sidebars_sidebars_width":0,"ocean_sidebar":"0","ocean_second_sidebar":"0","ocean_disable_margins":"enable","ocean_add_body_class":"","ocean_shortcode_before_top_bar":"","ocean_shortcode_after_top_bar":"","ocean_shortcode_before_header":"","ocean_shortcode_after_header":"","ocean_has_shortcode":"","ocean_shortcode_after_title":"","ocean_shortcode_before_footer_widgets":"","ocean_shortcode_after_footer_widgets":"","ocean_shortcode_before_footer_bottom":"","ocean_shortcode_after_footer_bottom":"","ocean_display_top_bar":"default","ocean_display_header":"default","ocean_header_style":"","ocean_center_header_left_menu":"0","ocean_custom_header_template":"0","ocean_custom_logo":0,"ocean_custom_retina_logo":0,"ocean_custom_logo_max_width":0,"ocean_custom_logo_tablet_max_width":0,"ocean_custom_logo_mobile_max_width":0,"ocean_custom_logo_max_height":0,"ocean_custom_logo_tablet_max_height":0,"ocean_custom_logo_mobile_max_height":0,"ocean_header_custom_menu":"0","ocean_menu_typo_font_family":"0","ocean_menu_typo_font_subset":"","ocean_menu_typo_font_size":0,"ocean_menu_typo_font_size_tablet":0,"ocean_menu_typo_font_size_mobile":0,"ocean_menu_typo_font_size_unit":"px","ocean_menu_typo_font_weight":"","ocean_menu_typo_font_weight_tablet":"","ocean_menu_typo_font_weight_mobile":"","ocean_menu_typo_transform":"","ocean_menu_typo_transform_tablet":"","ocean_menu_typo_transform_mobile":"","ocean_menu_typo_line_height":0,"ocean_menu_typo_line_height_tablet":0,"ocean_menu_typo_line_height_mobile":0,"ocean_menu_typo_line_height_unit":"","ocean_menu_typo_spacing":0,"ocean_menu_typo_spacing_tablet":0,"ocean_menu_typo_spacing_mobile":0,"ocean_menu_typo_spacing_unit":"","ocean_menu_link_color":"","ocean_menu_link_color_hover":"","ocean_menu_link_color_active":"","ocean_menu_link_background":"","ocean_menu_link_hover_background":"","ocean_menu_link_active_background":"","ocean_menu_social_links_bg":"","ocean_menu_social_hover_links_bg":"","ocean_menu_social_links_color":"","ocean_menu_social_hover_links_color":"","ocean_disable_title":"default","ocean_disable_heading":"default","ocean_post_title":"","ocean_post_subheading":"","ocean_post_title_style":"","ocean_post_title_background_color":"","ocean_post_title_background":0,"ocean_post_title_bg_image_position":"","ocean_post_title_bg_image_attachment":"","ocean_post_title_bg_image_repeat":"","ocean_post_title_bg_image_size":"","ocean_post_title_height":0,"ocean_post_title_bg_overlay":0.5,"ocean_post_title_bg_overlay_color":"","ocean_disable_breadcrumbs":"default","ocean_breadcrumbs_color":"","ocean_breadcrumbs_separator_color":"","ocean_breadcrumbs_links_color":"","ocean_breadcrumbs_links_hover_color":"","ocean_display_footer_widgets":"default","ocean_display_footer_bottom":"default","ocean_custom_footer_template":"0","ocean_post_oembed":"","ocean_post_self_hosted_media":"","ocean_post_video_embed":"","ocean_link_format":"","ocean_link_format_target":"self","ocean_quote_format":"","ocean_quote_format_link":"post","ocean_gallery_link_images":"on","ocean_gallery_id":[],"footnotes":""},"categories":[562,640],"tags":[],"class_list":["post-1897","post","type-post","status-publish","format-standard","has-post-thumbnail","hentry","category-costa-brava","category-palafrugell","entry","has-media"],"_links":{"self":[{"href":"https:\/\/www.hispanoa.com\/actualite\/wp-json\/wp\/v2\/posts\/1897","targetHints":{"allow":["GET"]}}],"collection":[{"href":"https:\/\/www.hispanoa.com\/actualite\/wp-json\/wp\/v2\/posts"}],"about":[{"href":"https:\/\/www.hispanoa.com\/actualite\/wp-json\/wp\/v2\/types\/post"}],"author":[{"embeddable":true,"href":"https:\/\/www.hispanoa.com\/actualite\/wp-json\/wp\/v2\/users\/2"}],"replies":[{"embeddable":true,"href":"https:\/\/www.hispanoa.com\/actualite\/wp-json\/wp\/v2\/comments?post=1897"}],"version-history":[{"count":4,"href":"https:\/\/www.hispanoa.com\/actualite\/wp-json\/wp\/v2\/posts\/1897\/revisions"}],"predecessor-version":[{"id":3993,"href":"https:\/\/www.hispanoa.com\/actualite\/wp-json\/wp\/v2\/posts\/1897\/revisions\/3993"}],"wp:featuredmedia":[{"embeddable":true,"href":"https:\/\/www.hispanoa.com\/actualite\/wp-json\/wp\/v2\/media\/1898"}],"wp:attachment":[{"href":"https:\/\/www.hispanoa.com\/actualite\/wp-json\/wp\/v2\/media?parent=1897"}],"wp:term":[{"taxonomy":"category","embeddable":true,"href":"https:\/\/www.hispanoa.com\/actualite\/wp-json\/wp\/v2\/categories?post=1897"},{"taxonomy":"post_tag","embeddable":true,"href":"https:\/\/www.hispanoa.com\/actualite\/wp-json\/wp\/v2\/tags?post=1897"}],"curies":[{"name":"wp","href":"https:\/\/api.w.org\/{rel}","templated":true}]}}