{"id":2865,"date":"2022-07-07T11:13:49","date_gmt":"2022-07-07T10:13:49","guid":{"rendered":"https:\/\/www.hispanoa.com\/actualite\/?p=2865"},"modified":"2025-06-09T14:26:40","modified_gmt":"2025-06-09T13:26:40","slug":"location-et-visites-a-lescala-notre-guide-touristique","status":"publish","type":"post","link":"https:\/\/www.hispanoa.com\/actualite\/location-et-visites-a-lescala-notre-guide-touristique\/","title":{"rendered":"Location et visites \u00e0 l&#8217;Escala : notre guide touristique"},"content":{"rendered":"\r\n<p>L\u2019heure des vacances a sonn\u00e9, et vous vous appr\u00eatez \u00e0 prendre la tangente direction l\u2019Escala, en plein c\u0153ur de la <a href=\"https:\/\/www.hispanoa.com\/actualite\/location-costa-brava-espagne\/\">Costa Brava<\/a> ! Cette <strong>superbe station baln\u00e9aire de renom<\/strong> a plus d\u2019une corde \u00e0 son arc. Vous allez donc pouvoir profiter de votre <strong>s\u00e9jour en location \u00e0 l\u2019Escala<\/strong> pour d\u00e9couvrir les atouts du littoral et le charme de la r\u00e9gion catalane.<\/p>\r\n\r\n\r\n\r\n<p>Voici les conseils d\u2019Hispanoa pour passer des <strong>vacances de r\u00eave<\/strong> dans votre <a href=\"https:\/\/www.hispanoa.com\/fr\/location-vacances-l-escala_2128\/villa\/\">location de vacances \u00e0 l\u2019Escala<\/a>, ainsi que notre liste d\u2019activit\u00e9s \u00e0 d\u00e9couvrir absolument.\u00a0<\/p>\r\n\r\n\r\n\r\n<p>Suivez le guide !<\/p>\r\n\r\n\r\n\r\n<h2 class=\"wp-block-heading\">Que faire \u00e0 l\u2019Escala ? Profiter de la plage !<\/h2>\r\n\r\n\r\n\r\n<p>Puisque vous \u00eates par\u00e9s \u00e0 faire escale en h\u00e9bergement de location \u00e0 l\u2019Escala, sachez que cette petite ville c\u00f4ti\u00e8re est un ancien village de p\u00eacheurs devenu une station baln\u00e9aire tr\u00e8s appr\u00e9ci\u00e9e de la Costa Brava, au sud du golfe de Rosas. Si l\u2019endroit est si populaire, c\u2019est d\u2019une part \u00e9videmment en raison de la douceur de son climat, mais c\u2019est aussi et surtout gr\u00e2ce \u00e0 ses <strong>sept kilom\u00e8tres de plage<\/strong> qui offrent de multiples opportunit\u00e9s de baignade pour tous !<\/p>\r\n\r\n\r\n\r\n<p>Pas moins de 16 plages pour l\u2019Escala : certaines d\u2019entre elles sont accessibles \u00e0 pied depuis le centre-ville, d\u2019autres se d\u00e9couvriront au gr\u00e9 de vos promenades le long du rivage.<\/p>\r\n\r\n\r\n\r\n<p>Ne manquez pas l\u2019opportunit\u00e9 de vous essayer aux activit\u00e9s nautiques : presque toutes sont propos\u00e9es \u00e0 l\u2019Escala, depuis la <strong>plong\u00e9e sous-marine<\/strong> jusqu\u2019\u00e0 <strong>l\u2019envol au-dessus des vagues en kite-surf<\/strong>. Profitez d\u2019\u00eatre en location \u00e0 l\u2019Escala avec toute votre famille pour permettre \u00e0 chacun de d\u00e9couvrir la mer \u00e0 sa fa\u00e7on !<\/p>\r\n\r\n\r\n\r\n<p>Les plages de l\u2019Escala sont de plus dot\u00e9es de <strong>nombreux \u00e9quipements et services<\/strong>, qui vous permettront de rester sur place aussi longtemps que vous le souhaiterez.<\/p>\r\n\r\n\r\n\r\n<figure class=\"wp-block-image size-large\"><img alt=\"\" fetchpriority=\"high\" decoding=\"async\" width=\"1024\" height=\"730\" class=\"wp-image-2868\" src=\"https:\/\/www.hispanoa.com\/actualite\/wp-content\/uploads\/2022\/07\/LEscala-2-1024x730.jpeg\" alt=\"\" srcset=\"https:\/\/www.hispanoa.com\/actualite\/wp-content\/uploads\/2022\/07\/LEscala-2-1024x730.jpeg 1024w, https:\/\/www.hispanoa.com\/actualite\/wp-content\/uploads\/2022\/07\/LEscala-2-233x166.jpeg 233w, https:\/\/www.hispanoa.com\/actualite\/wp-content\/uploads\/2022\/07\/LEscala-2-768x548.jpeg 768w, https:\/\/www.hispanoa.com\/actualite\/wp-content\/uploads\/2022\/07\/LEscala-2-1536x1096.jpeg 1536w, https:\/\/www.hispanoa.com\/actualite\/wp-content\/uploads\/2022\/07\/LEscala-2-2048x1461.jpeg 2048w\" sizes=\"(max-width: 1024px) 100vw, 1024px\" \/><\/figure>\r\n\r\n\r\n\r\n<h2 class=\"wp-block-heading\">La d\u00e9couverte d\u2019Empuries et de ses ruines antiques<\/h2>\r\n\r\n\r\n\r\n<p>La <strong>visite des ruines d\u2019Empuries<\/strong> est absolument immanquable lors de votre s\u00e9jour en location \u00e0 l\u2019Escala. D\u00e9couverts voil\u00e0 plus d\u2019un si\u00e8cle, ces vestiges gr\u00e9co-romains datant du 9\u1d49\u00a0si\u00e8cle avant J-C sont un v\u00e9ritable tr\u00e9sor. Gr\u00e2ce au mus\u00e9e \u00e0 ciel ouvert qui se trouve sur place, vous d\u00e9couvrirez les <strong>impressionnantes mosa\u00efques<\/strong> de l\u2019\u00e9poque romaine, les fortifications et habitations des diff\u00e9rentes cit\u00e9s qui se sont succ\u00e9d\u00e9 sur le site, un <strong>superbe forum romain<\/strong>, ainsi que de magnifiques sp\u00e9cimens de vases grecs. Il est possible lors de sa visite d\u2019acheter un guide d\u00e9pliant assez complet ou d\u2019opter pour des audioguides. Durant la haute saison, des <strong>visites nocturnes des ruines<\/strong> sont organis\u00e9es \u2013 de quoi vivre une exp\u00e9rience \u00e0 part enti\u00e8re !<\/p>\r\n\r\n\r\n\r\n<p>Le petit conseil en plus : pour vous rendre sur le site d\u2019Empuries, laissez votre v\u00e9hicule en ville ou sur le parking de votre location \u00e0 l\u2019Escala, et ralliez le site arch\u00e9ologique en marchant le long de <strong>la promenade d\u2019Empuries<\/strong>. Elle s\u2019\u00e9tire sur un peu plus de deux kilom\u00e8tres, et vous permettra de longer toute la c\u00f4te de l\u2019Escala. Vous pourrez ainsi en profiter pour rep\u00e9rer votre prochain spot de baignade sur certaines des <strong>plus belles plages de la r\u00e9gion<\/strong> telles que celle du Rec ou celle de Muscleres.<\/p>\r\n\r\n\r\n\r\n<h2 class=\"wp-block-heading\">Une location \u00e0 l\u2019Escala pour explorer la gastronomie locale<\/h2>\r\n\r\n\r\n\r\n<p>L\u2019anchois est roi \u00e0 l\u2019Escala ! Vous pourrez tout apprendre de l\u2019histoire de la p\u00eache locale et de ce petit poisson au Museu de l\u2019Anxova i de la Sal \u00e0 l\u2019Escala. Marin\u00e9 dans le sel et pr\u00e9sent sur des pizzas du monde entier, l\u2019anchois est embl\u00e9matique de l\u2019Escala, au point d\u2019avoir droit \u00e0 son festival annuel.<\/p>\r\n\r\n\r\n\r\n<p>Mais la gastronomie et les <strong>plaisirs culinaires de l\u2019Escala<\/strong> ne se limitent pas \u00e0 l\u2019anchois marin\u00e9. \u00c9videmment, il est impensable de terminer votre s\u00e9jour en location de vacances \u00e0 l\u2019Escala sans vous \u00eatre r\u00e9gal\u00e9 d\u2019une d\u00e9licieuse pa\u00eblla faite \u00e0 partir de produits de la mer frais du jour. Autre incontournable de tout s\u00e9jour \u00e0 l\u2019Escala : les <strong>grillades de poisson<\/strong> fra\u00eechement p\u00each\u00e9, que vous aurez pu vous procurer directement au port ou au march\u00e9. Mettez \u00e0 profit les \u00e9quipements de votre belle location de l\u2019Escala pour cuisiner ces tr\u00e9sors selon vos go\u00fbts.\u00a0<\/p>\r\n\r\n\r\n\r\n<h2 class=\"wp-block-heading\">Mais encore\u2026<\/h2>\r\n\r\n\r\n\r\n<p>Le village m\u00e9di\u00e9val voisin de San Marti, les falaises environnantes qui surplombent la mer et permettent d\u2019attraper de superbes points de vue. Ou encore, les d\u00e9ambulations dans le port de l\u2019Escala pour une apr\u00e8s-midi ou une soir\u00e9e de shopping, sans oublier une sortie en mer en bateau de location pour explorer <strong>l\u2019\u00eele du Cap de Creus<\/strong>.<\/p>\r\n\r\n\r\n\r\n<figure class=\"wp-block-image size-large\"><img alt=\"\" decoding=\"async\" width=\"1024\" height=\"681\" class=\"wp-image-2869\" src=\"https:\/\/www.hispanoa.com\/actualite\/wp-content\/uploads\/2022\/07\/LEscala-3-1024x681.jpeg\" alt=\"\" srcset=\"https:\/\/www.hispanoa.com\/actualite\/wp-content\/uploads\/2022\/07\/LEscala-3-1024x681.jpeg 1024w, https:\/\/www.hispanoa.com\/actualite\/wp-content\/uploads\/2022\/07\/LEscala-3-250x166.jpeg 250w, https:\/\/www.hispanoa.com\/actualite\/wp-content\/uploads\/2022\/07\/LEscala-3-768x510.jpeg 768w, https:\/\/www.hispanoa.com\/actualite\/wp-content\/uploads\/2022\/07\/LEscala-3-1536x1021.jpeg 1536w, https:\/\/www.hispanoa.com\/actualite\/wp-content\/uploads\/2022\/07\/LEscala-3-2048x1361.jpeg 2048w\" sizes=\"(max-width: 1024px) 100vw, 1024px\" \/>\r\n<figcaption>L\u00b4escala in Girona, Catalonia, Spain<\/figcaption>\r\n<\/figure>\r\n","protected":false},"excerpt":{"rendered":"<p>L\u2019heure des vacances a sonn\u00e9, et vous vous appr\u00eatez \u00e0 prendre la tangente direction l\u2019Escala, en plein c\u0153ur de la Costa Brava ! <\/p>\n","protected":false},"author":2,"featured_media":2867,"comment_status":"closed","ping_status":"open","sticky":false,"template":"","format":"standard","meta":{"_seopress_robots_primary_cat":"","_seopress_titles_title":"","_seopress_titles_desc":"","_seopress_robots_index":"","ocean_post_layout":"","ocean_both_sidebars_style":"","ocean_both_sidebars_content_width":0,"ocean_both_sidebars_sidebars_width":0,"ocean_sidebar":"0","ocean_second_sidebar":"0","ocean_disable_margins":"enable","ocean_add_body_class":"","ocean_shortcode_before_top_bar":"","ocean_shortcode_after_top_bar":"","ocean_shortcode_before_header":"","ocean_shortcode_after_header":"","ocean_has_shortcode":"","ocean_shortcode_after_title":"","ocean_shortcode_before_footer_widgets":"","ocean_shortcode_after_footer_widgets":"","ocean_shortcode_before_footer_bottom":"","ocean_shortcode_after_footer_bottom":"","ocean_display_top_bar":"default","ocean_display_header":"default","ocean_header_style":"","ocean_center_header_left_menu":"0","ocean_custom_header_template":"0","ocean_custom_logo":0,"ocean_custom_retina_logo":0,"ocean_custom_logo_max_width":0,"ocean_custom_logo_tablet_max_width":0,"ocean_custom_logo_mobile_max_width":0,"ocean_custom_logo_max_height":0,"ocean_custom_logo_tablet_max_height":0,"ocean_custom_logo_mobile_max_height":0,"ocean_header_custom_menu":"0","ocean_menu_typo_font_family":"0","ocean_menu_typo_font_subset":"","ocean_menu_typo_font_size":0,"ocean_menu_typo_font_size_tablet":0,"ocean_menu_typo_font_size_mobile":0,"ocean_menu_typo_font_size_unit":"px","ocean_menu_typo_font_weight":"","ocean_menu_typo_font_weight_tablet":"","ocean_menu_typo_font_weight_mobile":"","ocean_menu_typo_transform":"","ocean_menu_typo_transform_tablet":"","ocean_menu_typo_transform_mobile":"","ocean_menu_typo_line_height":0,"ocean_menu_typo_line_height_tablet":0,"ocean_menu_typo_line_height_mobile":0,"ocean_menu_typo_line_height_unit":"","ocean_menu_typo_spacing":0,"ocean_menu_typo_spacing_tablet":0,"ocean_menu_typo_spacing_mobile":0,"ocean_menu_typo_spacing_unit":"","ocean_menu_link_color":"","ocean_menu_link_color_hover":"","ocean_menu_link_color_active":"","ocean_menu_link_background":"","ocean_menu_link_hover_background":"","ocean_menu_link_active_background":"","ocean_menu_social_links_bg":"","ocean_menu_social_hover_links_bg":"","ocean_menu_social_links_color":"","ocean_menu_social_hover_links_color":"","ocean_disable_title":"default","ocean_disable_heading":"default","ocean_post_title":"","ocean_post_subheading":"","ocean_post_title_style":"","ocean_post_title_background_color":"","ocean_post_title_background":0,"ocean_post_title_bg_image_position":"","ocean_post_title_bg_image_attachment":"","ocean_post_title_bg_image_repeat":"","ocean_post_title_bg_image_size":"","ocean_post_title_height":0,"ocean_post_title_bg_overlay":0.5,"ocean_post_title_bg_overlay_color":"","ocean_disable_breadcrumbs":"default","ocean_breadcrumbs_color":"","ocean_breadcrumbs_separator_color":"","ocean_breadcrumbs_links_color":"","ocean_breadcrumbs_links_hover_color":"","ocean_display_footer_widgets":"default","ocean_display_footer_bottom":"default","ocean_custom_footer_template":"0","ocean_post_oembed":"","ocean_post_self_hosted_media":"","ocean_post_video_embed":"","ocean_link_format":"","ocean_link_format_target":"self","ocean_quote_format":"","ocean_quote_format_link":"post","ocean_gallery_link_images":"on","ocean_gallery_id":[],"footnotes":""},"categories":[562,643],"tags":[],"class_list":["post-2865","post","type-post","status-publish","format-standard","has-post-thumbnail","hentry","category-costa-brava","category-escala","entry","has-media"],"_links":{"self":[{"href":"https:\/\/www.hispanoa.com\/actualite\/wp-json\/wp\/v2\/posts\/2865","targetHints":{"allow":["GET"]}}],"collection":[{"href":"https:\/\/www.hispanoa.com\/actualite\/wp-json\/wp\/v2\/posts"}],"about":[{"href":"https:\/\/www.hispanoa.com\/actualite\/wp-json\/wp\/v2\/types\/post"}],"author":[{"embeddable":true,"href":"https:\/\/www.hispanoa.com\/actualite\/wp-json\/wp\/v2\/users\/2"}],"replies":[{"embeddable":true,"href":"https:\/\/www.hispanoa.com\/actualite\/wp-json\/wp\/v2\/comments?post=2865"}],"version-history":[{"count":5,"href":"https:\/\/www.hispanoa.com\/actualite\/wp-json\/wp\/v2\/posts\/2865\/revisions"}],"predecessor-version":[{"id":4725,"href":"https:\/\/www.hispanoa.com\/actualite\/wp-json\/wp\/v2\/posts\/2865\/revisions\/4725"}],"wp:featuredmedia":[{"embeddable":true,"href":"https:\/\/www.hispanoa.com\/actualite\/wp-json\/wp\/v2\/media\/2867"}],"wp:attachment":[{"href":"https:\/\/www.hispanoa.com\/actualite\/wp-json\/wp\/v2\/media?parent=2865"}],"wp:term":[{"taxonomy":"category","embeddable":true,"href":"https:\/\/www.hispanoa.com\/actualite\/wp-json\/wp\/v2\/categories?post=2865"},{"taxonomy":"post_tag","embeddable":true,"href":"https:\/\/www.hispanoa.com\/actualite\/wp-json\/wp\/v2\/tags?post=2865"}],"curies":[{"name":"wp","href":"https:\/\/api.w.org\/{rel}","templated":true}]}}