{"id":4980,"date":"2025-03-20T08:51:20","date_gmt":"2025-03-20T07:51:20","guid":{"rendered":"https:\/\/www.hispanoa.com\/actualite\/?p=4980"},"modified":"2025-06-09T14:20:11","modified_gmt":"2025-06-09T13:20:11","slug":"passer-ses-vacances-a-roses-le-guide","status":"publish","type":"post","link":"https:\/\/www.hispanoa.com\/actualite\/passer-ses-vacances-a-roses-le-guide\/","title":{"rendered":"Profitez de vos vacances \u00e0 Roses, le guide complet"},"content":{"rendered":"<article><strong>Ce qu&#8217;il faut retenir sur Roses :<\/strong>\u00a0<\/article>\n<blockquote><p><strong data-start=\"41\" data-end=\"69\">Entre histoire et nature<\/strong> : ville au riche patrimoine et paysages spectaculaires.<\/p><\/blockquote>\n<blockquote><p><strong data-start=\"130\" data-end=\"150\">H\u00e9ritage antique<\/strong> : fond\u00e9e par les Grecs, avec la Citadelle et le Ch\u00e2teau de la Trinit\u00e9.<\/p><\/blockquote>\n<blockquote><p><strong data-start=\"226\" data-end=\"247\">Plages et criques<\/strong> : plage familiale et criques sauvages pour la plong\u00e9e.<\/p><\/blockquote>\n<blockquote><p><strong data-start=\"307\" data-end=\"323\">Cap de Creus<\/strong> : parc naturel id\u00e9al pour randonn\u00e9e et snorkeling.<\/p><\/blockquote>\n<blockquote><p><strong data-start=\"379\" data-end=\"394\">Gastronomie<\/strong> : poissons, fruits de mer et restaurants r\u00e9put\u00e9s.<\/p><\/blockquote>\n<blockquote><p><strong data-start=\"449\" data-end=\"469\">Culture et f\u00eates<\/strong> : festivals, Carnaval et Festa Major anim\u00e9s.<\/p><\/blockquote>\n<blockquote><p><strong data-start=\"519\" data-end=\"533\">Excursions<\/strong> : cadaqu\u00e9s, mus\u00e9e Dal\u00ed, ruines d\u2019Emp\u00faries.<\/p><\/blockquote>\n<blockquote><p><strong data-start=\"581\" data-end=\"597\">H\u00e9bergements<\/strong> : locations, h\u00f4tels et villas en bord de mer.<\/p><\/blockquote>\n<p>&nbsp;<\/p>\n<article>Situ\u00e9e au c\u0153ur de la Costa Brava, <strong>Roses (ou Rosas)<\/strong> est une destination qui s\u00e9duit de nombreux vacanciers. Cette cit\u00e9 catalane, riche d&#8217;une histoire remontant \u00e0 l&#8217;Antiquit\u00e9, offre un \u00e9quilibre parfait entre patrimoine culturel et beaut\u00e9s naturelles. De son centre-ville historique aux criques sauvages du <strong>Cap de Creus<\/strong>, Roses invite \u00e0 un voyage multi-facettes au bord de la M\u00e9diterran\u00e9e.<\/article>\n<article><\/article>\n<article><\/article>\n<article><\/article>\n<article><\/article>\n<article><\/article>\n<article><\/article>\n<article><\/article>\n<article><\/article>\n<article>\n<h2>Histoire et patrimoine de Roses<\/h2>\n<p>La ville fut fond\u00e9e au VIIIe si\u00e8cle av. J.-C. par des colons grecs de Rhodes. Rhode se transforma en Roses, faisant d&#8217;elle l&#8217;une des plus anciennes colonies. grecques de la p\u00e9ninsule ib\u00e9rique.<\/p>\n<p>La <strong>Citadelle de Roses<\/strong>, un site historique remarquable qui t\u00e9moigne de l&#8217;importance strat\u00e9gique de la ville au fil des si\u00e8cles. Construite au XVIe si\u00e8cle sur les vestiges de l&#8217;ancienne colonie grecque, la citadelle renferme des tr\u00e9sors arch\u00e9ologiques de diff\u00e9rentes \u00e9poques.<\/p>\n<p>Un autre site embl\u00e9matique est le <strong>Ch\u00e2teau de la Trinit\u00e9<\/strong>. Cette une forteresse militaire a \u00e9t\u00e9 construite au XVIe si\u00e8cle sous le r\u00e8gne de Charles Quint. Sa forme en \u00e9toile \u00e0 cinq branches, t\u00e9moigne de l&#8217;importance strat\u00e9gique de Roses dans la d\u00e9fense des c\u00f4tes m\u00e9diterran\u00e9ennes contre les incursions pirates et les invasions \u00e9trang\u00e8res.<\/p>\n<p>Le patrimoine de Roses refl\u00e8te \u00e9galement l&#8217;influence des diff\u00e9rentes cultures qui s&#8217;y sont succ\u00e9d\u00e9. Les ruines du <strong>dolmen de la Creu d&#8217;en Cobertella <\/strong>est l&#8217;un des plus grands de Catalogne.<\/p>\n<p>Aujourd&#8217;hui, Roses continue de valoriser son patimoine historique tout en se tournant vers l&#8217;avenir. La mise en valeur de sites comme la Citadelle et le Ch\u00e2teau de la Trinit\u00e9 t\u00e9moignent de l&#8217;engagement de la ville \u00e0 pr\u00e9server son histoire.<\/p>\n<p>&nbsp;<\/p>\n<h2>Les plages de Roses<\/h2>\n<p>Les plages de Roses attirent chaque ann\u00e9e de nombreux visiteurs en qu\u00eate de d\u00e9tente et d&#8217;activit\u00e9s nautiques. La ville offre un \u00e9ventail de plages que ce soient de vastes \u00e9tendues de plages au sable dor\u00e9, aux criques isol\u00e9es et sauvages.<\/p>\n<p>La <strong>plage principale de Roses<\/strong>, situ\u00e9e le long du Passeig Mar\u00edtim, est une vaste \u00e9tendue de sable fin qui s&#8217;\u00e9tend sur plusieurs kilom\u00e8tres. Ses eaux calmes et peu profondes en font un lieu id\u00e9al pour les familles avec enfants. Bord\u00e9e d&#8217;une promenade anim\u00e9e, elle offre de nombreuses commodit\u00e9s : douches, toilettes, locations de transats et parasols. Les amateurs de sports nautiques y trouveront leur bonheur avec des activit\u00e9s comme le paddle, le kayak ou la planche \u00e0 voile.<\/p>\n<p>Pour ceux qui recherchent des plages plus intimes, Roses ne manque pas de <strong>criques pittoresques<\/strong>. La <strong>Cala Montjoi<\/strong>, situ\u00e9e dans le parc naturel du Cap de Creus, est un v\u00e9ritable havre de paix. Entour\u00e9e de falaises et de v\u00e9g\u00e9tation m\u00e9diterran\u00e9enne, cette crique aux eaux cristallines est un spot pris\u00e9 pour la plong\u00e9e sous-marine et le snorkeling.<\/p>\n<p>D&#8217;autres criques m\u00e9ritent le d\u00e9tour, comme la <strong>Cala Murtra<\/strong> ou la <strong>Cala J\u00f3ncols<\/strong>, offrant des paysages \u00e0 couper le souffle et des eaux limpides propices \u00e0 l&#8217;exploration des fonds marins. Ces plages plus sauvages sont g\u00e9n\u00e9ralement moins fr\u00e9quent\u00e9es et permettent de profiter pleinement de la beaut\u00e9 naturelle de la Costa Brava.<\/p>\n<p>&nbsp;<\/p>\n<h2>Le parc naturel du Cap de Creus<\/h2>\n<p>Le <strong>parc naturel du Cap de Creus<\/strong>, situ\u00e9 \u00e0 quelques kilom\u00e8tres de Roses, est un v\u00e9ritable joyau de la Costa Brava. Ce paysage accident\u00e9 de falaises abruptes et de criques secr\u00e8tes offre un cadre spectaculaire aux visiteurs en qu\u00eate de nature pr\u00e9serv\u00e9e.<\/p>\n<p>S&#8217;\u00e9tendant sur plus de 13 000 hectares terrestres et 3 000 hectares marins, le Cap de Creus est le <strong>premier parc terrestre et maritime d&#8217;Espagne<\/strong>. Sa g\u00e9ologie unique, fa\u00e7onn\u00e9e par des millions d&#8217;ann\u00e9es d&#8217;\u00e9rosion, a cr\u00e9\u00e9 des formations rocheuses fascinantes qui ont inspir\u00e9 de nombreux artistes, dont le c\u00e9l\u00e8bre Salvador Dal\u00ed.<\/p>\n<p>Pour les amateurs de randonn\u00e9e, le Cap de Creus offre de nombreux sentiers balis\u00e9s. Le <strong>GR 92<\/strong> traverse le parc et offre des vues imprenables sur la c\u00f4te. Une randonn\u00e9e incontournable est celle menant au phare du Cap de Creus, point le plus oriental de la p\u00e9ninsule ib\u00e9rique.<\/p>\n<p>Les amateurs de plong\u00e9e trouveront leur bonheur dans les eaux cristallines du parc, riches en biodiversit\u00e9 marine. Les criques comme <strong>Cala Culip<\/strong> ou <strong>Cala Tavallera<\/strong> sont des spots pris\u00e9s pour le snorkeling.<\/p>\n<p>Pour visiter le <strong>Cap de Creus<\/strong>, il est recommand\u00e9 de :<\/p>\n<ul>\n<li>Se munir de bonnes chaussures de marche et d&#8217;une protection solaire<\/li>\n<li>Emporter suffisamment d&#8217;eau, surtout en \u00e9t\u00e9<\/li>\n<li>Respecter la r\u00e9glementation du parc pour pr\u00e9server cet environnement fragile<\/li>\n<\/ul>\n<p>L&#8217;acc\u00e8s principal au parc se fait par la route depuis Roses ou Cadaqu\u00e9s. La meilleure p\u00e9riode pour visiter est au printemps ou \u00e0 l&#8217;automne, quand les temp\u00e9ratures sont plus cl\u00e9mentes et la fr\u00e9quentation moindre.<\/p>\n<p>&nbsp;<\/p>\n<h2>Gastronomie et saveurs locales \u00e0 Roses<\/h2>\n<p>La <strong>gastronomie de Roses<\/strong> est un v\u00e9ritable festival de saveurs m\u00e9diterran\u00e9ennes, mettant en valeur les tr\u00e9sors de la mer et les produits du terroir catalan.\u00a0Au c\u0153ur de la cuisine locale, on trouve le <strong>suquet de peix<\/strong>, une succulente soupe de poisson, parfum\u00e9e au safran et agr\u00e9ment\u00e9e de pommes de terre.<\/p>\n<p>Les <strong>gambas de Roses<\/strong> sont une autre sp\u00e9cialit\u00e9 incontournable. Ces crevettes rouges, p\u00each\u00e9es au large des c\u00f4tes, sont r\u00e9put\u00e9es pour leur chair d\u00e9licate et leur go\u00fbt intense.<\/p>\n<p>La cuisine de Roses fait la part belle aux produits de la mer, reflet de sa tradition de port de p\u00eache. On y d\u00e9guste une grande vari\u00e9t\u00e9 de poissons frais, comme le loup de mer, la dorade ou le rouget, pr\u00e9par\u00e9s grill\u00e9s, en papillote ou en sauce. Les fruits de mer ne sont pas en reste, avec des plats mettant \u00e0 l&#8217;honneur les moules, les palourdes ou les calamars.<\/p>\n<p>Vous ne voulez pas salir la cuisine de votre <a href=\"https:\/\/www.hispanoa.com\/fr\/location-vacances-roses_2155\/maison\/\">maison de vacances \u00e0 Rosas<\/a> ? Voici quelques restaurants recommand\u00e9s :<\/p>\n<ul>\n<li>Le <strong>restaurant <em>Rafa&#8217;s<\/em><\/strong>, une adresse incontournable. Situ\u00e9 dans le centre-ville, cet \u00e9tablissement familial propose une cuisine simple mais savoureuse, ax\u00e9e sur la fra\u00eecheur des produits.<\/li>\n<li>Le <strong>restaurant <em>Els Brancs<\/em><\/strong>, situ\u00e9 dans le <strong>quartier de Canyelles Petites<\/strong>, offre une cuisine cr\u00e9ative et innovante. Ce restaurant \u00e9toil\u00e9 au guide Michelin r\u00e9invente les classiques de la cuisine catalane avec une touche de modernit\u00e9, tout en offrant une vue spectaculaire sur la <strong>baie de Roses<\/strong>.<\/li>\n<\/ul>\n<p>&nbsp;<\/p>\n<h2>Activit\u00e9s culturelles \u00e0 Roses<\/h2>\n<p>Roses est une ville qui vibre au rythme de ses <strong>festivals et \u00e9v\u00e9nements culturels<\/strong> tout au long de l&#8217;ann\u00e9e. Le point culminant de ces c\u00e9l\u00e9brations est sans conteste la <strong>Festa Major<\/strong>, qui se d\u00e9roule chaque ann\u00e9e en ao\u00fbt.<\/p>\n<p>La Festa Major de Roses est une explosion de traditions catalanes et d&#8217;animations festives. Pendant une semaine, la ville s&#8217;anime au son des <strong><em>sardanes<\/em><\/strong>, danses traditionnelles catalanes, et des <strong><em>gegants<\/em><\/strong>, ces g\u00e9ants de papier m\u00e2ch\u00e9 qui d\u00e9filent dans les rues. Les visiteurs peuvent assister \u00e0 des spectacles de <em>castellers<\/em>, ces impressionnantes tours humaines, symboles de la culture catalane. Les <strong>feux d&#8217;artifice<\/strong> illuminent le ciel nocturne, tandis que les concerts en plein air et les bals populaires font danser les habitants et les touristes jusqu&#8217;au petit matin.<\/p>\n<p>En dehors de la Festa Major, Roses propose un calendrier culturel riche et vari\u00e9. Le <strong>Festival de Blues<\/strong> en juin attire des musiciens de renomm\u00e9e internationale, tandis que le <strong>Festival de Cin\u00e9ma de Roses<\/strong> en ao\u00fbt c\u00e9l\u00e8bre le 7\u00e8me art avec des projections en plein air.<\/p>\n<p>Pour les amateurs d&#8217;art, Roses ne manque pas d&#8217;attraits. La <strong>Ciutadella de Roses<\/strong>, en plus d&#8217;\u00eatre un site historique remarquable, abrite un mus\u00e9e arch\u00e9ologique qui retrace l&#8217;histoire de la ville depuis l&#8217;Antiquit\u00e9. Les passionn\u00e9s d&#8217;art contemporain appr\u00e9cieront la <strong>Galerie d&#8217;Art Municipale<\/strong>, qui expose r\u00e9guli\u00e8rement des artistes locaux et internationaux.<\/p>\n<p>Le <strong>Carnaval de Roses<\/strong>, qui se d\u00e9roule en f\u00e9vrier, est un autre temps fort de l&#8217;ann\u00e9e. Pendant une semaine, la ville se pare de couleurs vives et de costumes extravagants. Le d\u00e9fil\u00e9 des chars, accompagn\u00e9 de groupes de musique et de danseurs, attire des milliers de spectateurs.<\/p>\n<p>&nbsp;<\/p>\n<h2>Excursions autour de Roses<\/h2>\n<p>Roses est id\u00e9alement situ\u00e9e pour explorer les merveilles de la Costa Brava. Voici quelques <strong>excursions d&#8217;une journ\u00e9e<\/strong> \u00e0 ne pas manquer :<\/p>\n<ul>\n<li><strong>Cadaqu\u00e9s et Port Lligat :\u00a0 <\/strong>ce village de p\u00eacheurs a s\u00e9duit de nombreux artistes, dont Salvador Dal\u00ed. Visitez sa maison-mus\u00e9e \u00e0 Port Lligat pour plonger dans l&#8217;univers surr\u00e9aliste du peintre. Pour s&#8217;y rendre, optez pour une <strong>excursion en bateau<\/strong> (1h30) depuis Roses offrant de superbes vues sur la c\u00f4te, ou prenez le bus (45 min).<\/li>\n<\/ul>\n<ul>\n<li><strong>Figueres et le Th\u00e9\u00e2tre-Mus\u00e9e Dal\u00ed : <\/strong>\u00e0 25 km de Roses, Figueres abrite l&#8217;incontournable Th\u00e9\u00e2tre-Mus\u00e9e Dal\u00ed. Cette \u0153uvre totale regroupe les cr\u00e9ations les plus embl\u00e9matiques de l&#8217;artiste catalan. R\u00e9servez vos billets \u00e0 l&#8217;avance pour \u00e9viter les files d&#8217;attente. Des <strong>bus r\u00e9guliers<\/strong> relient Roses \u00e0 Figueres en 40 minutes.<\/li>\n<\/ul>\n<ul>\n<li><strong>Site arch\u00e9ologique d&#8217;Emp\u00faries : <\/strong>plongez dans l&#8217;histoire antique en visitant les <strong>ruines gr\u00e9co-romaines d&#8217;Emp\u00faries<\/strong>, \u00e0 20 km de Roses. Ce site exceptionnel t\u00e9moigne de la pr\u00e9sence grecque et romaine sur la c\u00f4te catalane. L&#8217;acc\u00e8s est facile en voiture (25 min) ou en bus (40 min).<\/li>\n<li><strong>Randonn\u00e9e sur le Cam\u00ed de Ronda :<\/strong> ce <strong>sentier c\u00f4tier embl\u00e9matique<\/strong> offre des panoramas \u00e0 couper le souffle sur la M\u00e9diterran\u00e9e. Depuis Roses, empruntez le tron\u00e7on vers le Cap de Creus (12 km) ou vers L&#8217;Escala (16 km). Pr\u00e9voyez de bonnes chaussures, de l&#8217;eau et un pique-nique. Des navettes permettent de revenir \u00e0 votre point de d\u00e9part.<\/li>\n<\/ul>\n<p>&nbsp;<\/p>\n<h2>Trouver une location de vacances \u00e0 Roses<\/h2>\n<p>Roses offre un large \u00e9ventail d&#8217;options d&#8217;h\u00e9bergement pour tous les go\u00fbts et budgets.<\/p>\n<p>Les familles et groupes d&#8217;amis appr\u00e9cieront les nombreuses <strong>locations de vacances<\/strong> disponibles. Retrouvez des appartements en centre-ville aux <a href=\"https:\/\/www.hispanoa.com\/fr\/location-vacances-roses_2155\/villa\/\">villas avec piscine \u00e0 Roses<\/a>. Le quartier de Santa Margarida est particuli\u00e8rement pris\u00e9 pour son ambiance familiale. Les voyageurs au budget serr\u00e9 trouveront leur bonheur dans des studios avec pour la plupart un acc\u00e8s direct \u00e0 la plage.<\/p>\n<p>Quelle que soit votre pr\u00e9f\u00e9rence, pensez \u00e0 r\u00e9server votre h\u00e9bergement \u00e0 l&#8217;avance en haute saison. Pour profiter pleinement de la vie nocturne, privil\u00e9giez un logement en centre-ville ou le long de la promenade maritime. Vous serez ainsi id\u00e9alement situ\u00e9 pour explorer les bars et clubs sans vous soucier du retour.<\/p>\n<p>&nbsp;<\/p>\n<p>N&#8217;h\u00e9sitez pas \u00e0 demander conseil\u00a0 \u00e0 l&#8217;office de tourisme de Roses. Ils pourront vous renseigner sur les \u00e9v\u00e9nements ponctuels comme les concerts en plein air ou les f\u00eates locales de Roses. Avec son ambiance d\u00e9contract\u00e9e et festive, la ville saura satisfaire aussi bien les f\u00eatards que ceux en qu\u00eate de soir\u00e9es plus tranquilles face \u00e0 la mer.<\/p>\n<\/article>\n","protected":false},"excerpt":{"rendered":"<p>Ce qu&#8217;il faut retenir sur Roses :\u00a0 Entre histoire et nature : ville au riche patrimoine et paysages spectaculaires. H\u00e9ritage antique : fond\u00e9e par les Grecs, avec la Citadelle et<\/p>\n","protected":false},"author":15,"featured_media":5037,"comment_status":"closed","ping_status":"open","sticky":false,"template":"","format":"standard","meta":{"_seopress_robots_primary_cat":"","_seopress_titles_title":"%%post_title%% |","_seopress_titles_desc":"Tout savoir sur Roses, perle de la Costa Brava ! Plages, criques sauvages, patrimoine et gastronomie m\u00e9diterran\u00e9enne : une destination id\u00e9ale pour des vacances.","_seopress_robots_index":"","ocean_post_layout":"","ocean_both_sidebars_style":"","ocean_both_sidebars_content_width":0,"ocean_both_sidebars_sidebars_width":0,"ocean_sidebar":"0","ocean_second_sidebar":"0","ocean_disable_margins":"enable","ocean_add_body_class":"","ocean_shortcode_before_top_bar":"","ocean_shortcode_after_top_bar":"","ocean_shortcode_before_header":"","ocean_shortcode_after_header":"","ocean_has_shortcode":"","ocean_shortcode_after_title":"","ocean_shortcode_before_footer_widgets":"","ocean_shortcode_after_footer_widgets":"","ocean_shortcode_before_footer_bottom":"","ocean_shortcode_after_footer_bottom":"","ocean_display_top_bar":"default","ocean_display_header":"default","ocean_header_style":"","ocean_center_header_left_menu":"0","ocean_custom_header_template":"0","ocean_custom_logo":0,"ocean_custom_retina_logo":0,"ocean_custom_logo_max_width":0,"ocean_custom_logo_tablet_max_width":0,"ocean_custom_logo_mobile_max_width":0,"ocean_custom_logo_max_height":0,"ocean_custom_logo_tablet_max_height":0,"ocean_custom_logo_mobile_max_height":0,"ocean_header_custom_menu":"0","ocean_menu_typo_font_family":"0","ocean_menu_typo_font_subset":"","ocean_menu_typo_font_size":0,"ocean_menu_typo_font_size_tablet":0,"ocean_menu_typo_font_size_mobile":0,"ocean_menu_typo_font_size_unit":"px","ocean_menu_typo_font_weight":"","ocean_menu_typo_font_weight_tablet":"","ocean_menu_typo_font_weight_mobile":"","ocean_menu_typo_transform":"","ocean_menu_typo_transform_tablet":"","ocean_menu_typo_transform_mobile":"","ocean_menu_typo_line_height":0,"ocean_menu_typo_line_height_tablet":0,"ocean_menu_typo_line_height_mobile":0,"ocean_menu_typo_line_height_unit":"","ocean_menu_typo_spacing":0,"ocean_menu_typo_spacing_tablet":0,"ocean_menu_typo_spacing_mobile":0,"ocean_menu_typo_spacing_unit":"","ocean_menu_link_color":"","ocean_menu_link_color_hover":"","ocean_menu_link_color_active":"","ocean_menu_link_background":"","ocean_menu_link_hover_background":"","ocean_menu_link_active_background":"","ocean_menu_social_links_bg":"","ocean_menu_social_hover_links_bg":"","ocean_menu_social_links_color":"","ocean_menu_social_hover_links_color":"","ocean_disable_title":"default","ocean_disable_heading":"default","ocean_post_title":"","ocean_post_subheading":"","ocean_post_title_style":"","ocean_post_title_background_color":"","ocean_post_title_background":0,"ocean_post_title_bg_image_position":"","ocean_post_title_bg_image_attachment":"","ocean_post_title_bg_image_repeat":"","ocean_post_title_bg_image_size":"","ocean_post_title_height":0,"ocean_post_title_bg_overlay":0.5,"ocean_post_title_bg_overlay_color":"","ocean_disable_breadcrumbs":"default","ocean_breadcrumbs_color":"","ocean_breadcrumbs_separator_color":"","ocean_breadcrumbs_links_color":"","ocean_breadcrumbs_links_hover_color":"","ocean_display_footer_widgets":"default","ocean_display_footer_bottom":"default","ocean_custom_footer_template":"0","ocean_post_oembed":"","ocean_post_self_hosted_media":"","ocean_post_video_embed":"","ocean_link_format":"","ocean_link_format_target":"self","ocean_quote_format":"","ocean_quote_format_link":"post","ocean_gallery_link_images":"on","ocean_gallery_id":[],"footnotes":""},"categories":[562,646],"tags":[],"class_list":["post-4980","post","type-post","status-publish","format-standard","has-post-thumbnail","hentry","category-costa-brava","category-rosas","entry","has-media"],"_links":{"self":[{"href":"https:\/\/www.hispanoa.com\/actualite\/wp-json\/wp\/v2\/posts\/4980","targetHints":{"allow":["GET"]}}],"collection":[{"href":"https:\/\/www.hispanoa.com\/actualite\/wp-json\/wp\/v2\/posts"}],"about":[{"href":"https:\/\/www.hispanoa.com\/actualite\/wp-json\/wp\/v2\/types\/post"}],"author":[{"embeddable":true,"href":"https:\/\/www.hispanoa.com\/actualite\/wp-json\/wp\/v2\/users\/15"}],"replies":[{"embeddable":true,"href":"https:\/\/www.hispanoa.com\/actualite\/wp-json\/wp\/v2\/comments?post=4980"}],"version-history":[{"count":21,"href":"https:\/\/www.hispanoa.com\/actualite\/wp-json\/wp\/v2\/posts\/4980\/revisions"}],"predecessor-version":[{"id":5013,"href":"https:\/\/www.hispanoa.com\/actualite\/wp-json\/wp\/v2\/posts\/4980\/revisions\/5013"}],"wp:featuredmedia":[{"embeddable":true,"href":"https:\/\/www.hispanoa.com\/actualite\/wp-json\/wp\/v2\/media\/5037"}],"wp:attachment":[{"href":"https:\/\/www.hispanoa.com\/actualite\/wp-json\/wp\/v2\/media?parent=4980"}],"wp:term":[{"taxonomy":"category","embeddable":true,"href":"https:\/\/www.hispanoa.com\/actualite\/wp-json\/wp\/v2\/categories?post=4980"},{"taxonomy":"post_tag","embeddable":true,"href":"https:\/\/www.hispanoa.com\/actualite\/wp-json\/wp\/v2\/tags?post=4980"}],"curies":[{"name":"wp","href":"https:\/\/api.w.org\/{rel}","templated":true}]}}