{"id":712,"date":"2012-01-06T16:47:14","date_gmt":"2012-01-06T15:47:14","guid":{"rendered":"http:\/\/www.hispanoa.com\/actualite\/?p=712"},"modified":"2025-06-12T10:03:55","modified_gmt":"2025-06-12T09:03:55","slug":"llanca-au-calme-entre-mer-et-montagne","status":"publish","type":"post","link":"https:\/\/www.hispanoa.com\/actualite\/llanca-au-calme-entre-mer-et-montagne\/","title":{"rendered":"Llan\u00e7a, au calme, entre mer et montagne"},"content":{"rendered":"<p class=\"MsoNormal\"><a href=\"https:\/\/www.hispanoa.com\/actualite\/wp-content\/uploads\/2011\/09\/plage-llanca-sur-la-costa-brava-31.jpg\"><img decoding=\"async\" class=\"alignleft size-medium wp-image-720\" title=\"plage-llanca-sur-la-costa-brava-31\" src=\"https:\/\/www.hispanoa.com\/actualite\/wp-content\/uploads\/2011\/09\/plage-llanca-sur-la-costa-brava-31-300x199.jpg\" alt=\"plage-llanca-sur-la-costa-brava-31\" width=\"168\" height=\"110\" \/><\/a>Ce petit village c\u00f4tier, couvert par le Parc\u00a0Naturel du Cap Creus, se situe \u00e0 15 km de la fronti\u00e8re fran\u00e7aise.<\/p>\n<p>Les 7 km de son littoral ne sont faits que de petites calanques, pleines de charme, o\u00f9 outre le calme, vous n\u2019aurez plus qu\u2019\u00e0 profiter du paysage et de la qualit\u00e9 de l\u2019eau. Les deux plages principales, celle du Port et celle de Grifeu ont re\u00e7u le Drapeau Bleu de l\u2019Union Europ\u00e9enne !<a href=\"https:\/\/www.hispanoa.com\/actualite\/wp-content\/uploads\/2011\/09\/llanca1.jpg\"><img decoding=\"async\" class=\"size-medium wp-image-721 alignright\" title=\"llanca1\" src=\"https:\/\/www.hispanoa.com\/actualite\/wp-content\/uploads\/2011\/09\/llanca1-300x225.jpg\" alt=\"llanca1\" width=\"136\" height=\"102\" \/><br \/>\n<\/a><\/p>\n<p class=\"MsoNormal\">Une destination pour les amoureux de nature pr\u00e9serv\u00e9e et de tranquillit\u00e9.<\/p>\n<p class=\"MsoNormal\"><strong>Pour vous <a href=\"https:\/\/www.hispanoa.com\/fr\/location-vacances-llanca_2131\/\">loger \u00e0 Llan\u00e7a<\/a>, visitez www.hispanoa.com<\/strong><\/p>\n","protected":false},"excerpt":{"rendered":"<p>Ce petit village c\u00f4tier, couvert par le Parc\u00a0Naturel du Cap Creus, se situe \u00e0 15 km de la fronti\u00e8re fran\u00e7aise. Les 7 km de son littoral ne sont faits que<\/p>\n","protected":false},"author":1,"featured_media":720,"comment_status":"closed","ping_status":"open","sticky":false,"template":"","format":"standard","meta":{"_seopress_robots_primary_cat":"","_seopress_titles_title":"","_seopress_titles_desc":"","_seopress_robots_index":"","ocean_post_layout":"","ocean_both_sidebars_style":"","ocean_both_sidebars_content_width":0,"ocean_both_sidebars_sidebars_width":0,"ocean_sidebar":"0","ocean_second_sidebar":"0","ocean_disable_margins":"enable","ocean_add_body_class":"","ocean_shortcode_before_top_bar":"","ocean_shortcode_after_top_bar":"","ocean_shortcode_before_header":"","ocean_shortcode_after_header":"","ocean_has_shortcode":"","ocean_shortcode_after_title":"","ocean_shortcode_before_footer_widgets":"","ocean_shortcode_after_footer_widgets":"","ocean_shortcode_before_footer_bottom":"","ocean_shortcode_after_footer_bottom":"","ocean_display_top_bar":"default","ocean_display_header":"default","ocean_header_style":"","ocean_center_header_left_menu":"0","ocean_custom_header_template":"0","ocean_custom_logo":0,"ocean_custom_retina_logo":0,"ocean_custom_logo_max_width":0,"ocean_custom_logo_tablet_max_width":0,"ocean_custom_logo_mobile_max_width":0,"ocean_custom_logo_max_height":0,"ocean_custom_logo_tablet_max_height":0,"ocean_custom_logo_mobile_max_height":0,"ocean_header_custom_menu":"0","ocean_menu_typo_font_family":"0","ocean_menu_typo_font_subset":"","ocean_menu_typo_font_size":0,"ocean_menu_typo_font_size_tablet":0,"ocean_menu_typo_font_size_mobile":0,"ocean_menu_typo_font_size_unit":"px","ocean_menu_typo_font_weight":"","ocean_menu_typo_font_weight_tablet":"","ocean_menu_typo_font_weight_mobile":"","ocean_menu_typo_transform":"","ocean_menu_typo_transform_tablet":"","ocean_menu_typo_transform_mobile":"","ocean_menu_typo_line_height":0,"ocean_menu_typo_line_height_tablet":0,"ocean_menu_typo_line_height_mobile":0,"ocean_menu_typo_line_height_unit":"","ocean_menu_typo_spacing":0,"ocean_menu_typo_spacing_tablet":0,"ocean_menu_typo_spacing_mobile":0,"ocean_menu_typo_spacing_unit":"","ocean_menu_link_color":"","ocean_menu_link_color_hover":"","ocean_menu_link_color_active":"","ocean_menu_link_background":"","ocean_menu_link_hover_background":"","ocean_menu_link_active_background":"","ocean_menu_social_links_bg":"","ocean_menu_social_hover_links_bg":"","ocean_menu_social_links_color":"","ocean_menu_social_hover_links_color":"","ocean_disable_title":"default","ocean_disable_heading":"default","ocean_post_title":"","ocean_post_subheading":"","ocean_post_title_style":"","ocean_post_title_background_color":"","ocean_post_title_background":0,"ocean_post_title_bg_image_position":"","ocean_post_title_bg_image_attachment":"","ocean_post_title_bg_image_repeat":"","ocean_post_title_bg_image_size":"","ocean_post_title_height":0,"ocean_post_title_bg_overlay":0.5,"ocean_post_title_bg_overlay_color":"","ocean_disable_breadcrumbs":"default","ocean_breadcrumbs_color":"","ocean_breadcrumbs_separator_color":"","ocean_breadcrumbs_links_color":"","ocean_breadcrumbs_links_hover_color":"","ocean_display_footer_widgets":"default","ocean_display_footer_bottom":"default","ocean_custom_footer_template":"0","ocean_post_oembed":"","ocean_post_self_hosted_media":"","ocean_post_video_embed":"","ocean_link_format":"","ocean_link_format_target":"self","ocean_quote_format":"","ocean_quote_format_link":"post","ocean_gallery_link_images":"on","ocean_gallery_id":[],"footnotes":""},"categories":[230],"tags":[81,11,16,80],"class_list":["post-712","post","type-post","status-publish","format-standard","has-post-thumbnail","hentry","category-vacances-en-espagne","tag-appartement","tag-costa-brava","tag-llanca","tag-location","entry","has-media"],"_links":{"self":[{"href":"https:\/\/www.hispanoa.com\/actualite\/wp-json\/wp\/v2\/posts\/712","targetHints":{"allow":["GET"]}}],"collection":[{"href":"https:\/\/www.hispanoa.com\/actualite\/wp-json\/wp\/v2\/posts"}],"about":[{"href":"https:\/\/www.hispanoa.com\/actualite\/wp-json\/wp\/v2\/types\/post"}],"author":[{"embeddable":true,"href":"https:\/\/www.hispanoa.com\/actualite\/wp-json\/wp\/v2\/users\/1"}],"replies":[{"embeddable":true,"href":"https:\/\/www.hispanoa.com\/actualite\/wp-json\/wp\/v2\/comments?post=712"}],"version-history":[{"count":21,"href":"https:\/\/www.hispanoa.com\/actualite\/wp-json\/wp\/v2\/posts\/712\/revisions"}],"predecessor-version":[{"id":3546,"href":"https:\/\/www.hispanoa.com\/actualite\/wp-json\/wp\/v2\/posts\/712\/revisions\/3546"}],"wp:featuredmedia":[{"embeddable":true,"href":"https:\/\/www.hispanoa.com\/actualite\/wp-json\/wp\/v2\/media\/720"}],"wp:attachment":[{"href":"https:\/\/www.hispanoa.com\/actualite\/wp-json\/wp\/v2\/media?parent=712"}],"wp:term":[{"taxonomy":"category","embeddable":true,"href":"https:\/\/www.hispanoa.com\/actualite\/wp-json\/wp\/v2\/categories?post=712"},{"taxonomy":"post_tag","embeddable":true,"href":"https:\/\/www.hispanoa.com\/actualite\/wp-json\/wp\/v2\/tags?post=712"}],"curies":[{"name":"wp","href":"https:\/\/api.w.org\/{rel}","templated":true}]}}