{"id":7521,"date":"2025-06-19T09:10:36","date_gmt":"2025-06-19T08:10:36","guid":{"rendered":"https:\/\/www.hispanoa.com\/actualite\/?p=7521"},"modified":"2025-07-21T15:54:07","modified_gmt":"2025-07-21T14:54:07","slug":"visiter-costa-brava","status":"publish","type":"post","link":"https:\/\/www.hispanoa.com\/actualite\/visiter-costa-brava\/","title":{"rendered":"\u00c9chapp\u00e9e belle en Espagne : visitez la Costa Brava !"},"content":{"rendered":"\t\t<div data-elementor-type=\"wp-post\" data-elementor-id=\"7521\" class=\"elementor elementor-7521\">\n\t\t\t\t<div class=\"elementor-element elementor-element-dda5a1c e-con-full e-flex wpr-particle-no wpr-jarallax-no wpr-parallax-no wpr-sticky-section-no wpr-equal-height-no e-con e-parent\" data-id=\"dda5a1c\" data-element_type=\"container\" data-e-type=\"container\">\n\t\t<div class=\"elementor-element elementor-element-0618e21 e-con-full e-flex wpr-particle-no wpr-jarallax-no wpr-parallax-no wpr-sticky-section-no wpr-equal-height-no e-con e-child\" data-id=\"0618e21\" data-element_type=\"container\" data-e-type=\"container\">\n\t\t\t\t<div class=\"elementor-element elementor-element-2a6429e elementor-widget__width-initial elementor-widget elementor-widget-shortcode\" data-id=\"2a6429e\" data-element_type=\"widget\" data-e-type=\"widget\" data-widget_type=\"shortcode.default\">\n\t\t\t\t<div class=\"elementor-widget-container\">\n\t\t\t\t\t\t\t<div class=\"elementor-shortcode\"><div class=\"custom-breadcrumbs-wrapper\"><nav class=\"custom-breadcrumbs\"><nav role=\"navigation\" aria-label=\"Fil d\u2019Ariane\" class=\"site-breadcrumbs clr position-under-title\"><ol class=\"trail-items\" ><meta name=\"numberOfItems\" content=\"1\" \/><meta name=\"itemListOrder\" content=\"Ascending\" \/><li class=\"trail-item trail-end\" ><span itemprop=\"name\"><a href=\"https:\/\/www.hispanoa.com\/actualite\" rel=\"home\" aria-label=\"Accueil\"><i class=\" icon-home\" aria-hidden=\"true\" role=\"img\"><\/i><span class=\"breadcrumb-home has-icon\">Accueil<\/span><\/a><\/span><meta itemprop=\"position\" content=\"1\" \/><\/li><\/ol><\/nav><\/nav><\/div><\/div>\n\t\t\t\t\t\t<\/div>\n\t\t\t\t<\/div>\n\t\t\t\t<\/div>\n\t\t\t\t<\/div>\n\t\t<div class=\"elementor-element elementor-element-8be5240 e-flex e-con-boxed wpr-particle-no wpr-jarallax-no wpr-parallax-no wpr-sticky-section-no wpr-equal-height-no e-con e-parent\" data-id=\"8be5240\" data-element_type=\"container\" data-e-type=\"container\">\n\t\t\t\t\t<div class=\"e-con-inner\">\n\t\t<div class=\"elementor-element elementor-element-3d6af82 e-con-full e-flex wpr-particle-no wpr-jarallax-no wpr-parallax-no wpr-sticky-section-no wpr-equal-height-no e-con e-child\" data-id=\"3d6af82\" data-element_type=\"container\" data-e-type=\"container\" data-settings=\"{&quot;background_background&quot;:&quot;classic&quot;}\">\n\t\t\t\t<div class=\"elementor-element elementor-element-ff98fa9 elementor-widget elementor-widget-heading\" data-id=\"ff98fa9\" data-element_type=\"widget\" data-e-type=\"widget\" data-widget_type=\"heading.default\">\n\t\t\t\t<div class=\"elementor-widget-container\">\n\t\t\t\t\t<h2 class=\"elementor-heading-title elementor-size-default\">Sommaire<\/h2>\t\t\t\t<\/div>\n\t\t\t\t<\/div>\n\t\t\t\t<div class=\"elementor-element elementor-element-e91d105 elementor-align-start elementor-icon-list--layout-traditional elementor-list-item-link-full_width elementor-widget elementor-widget-icon-list\" data-id=\"e91d105\" data-element_type=\"widget\" data-e-type=\"widget\" data-widget_type=\"icon-list.default\">\n\t\t\t\t<div class=\"elementor-widget-container\">\n\t\t\t\t\t\t\t<ul class=\"elementor-icon-list-items\">\n\t\t\t\t\t\t\t<li class=\"elementor-icon-list-item\">\n\t\t\t\t\t\t\t\t\t\t\t<a href=\"#titre1\">\n\n\t\t\t\t\t\t\t\t\t\t\t\t<span class=\"elementor-icon-list-icon\">\n\t\t\t\t\t\t\t<svg aria-hidden=\"true\" class=\"e-font-icon-svg e-fas-dot-circle\" viewBox=\"0 0 512 512\" xmlns=\"http:\/\/www.w3.org\/2000\/svg\"><path d=\"M256 8C119.033 8 8 119.033 8 256s111.033 248 248 248 248-111.033 248-248S392.967 8 256 8zm80 248c0 44.112-35.888 80-80 80s-80-35.888-80-80 35.888-80 80-80 80 35.888 80 80z\"><\/path><\/svg>\t\t\t\t\t\t<\/span>\n\t\t\t\t\t\t\t\t\t\t<span class=\"elementor-icon-list-text\">Sillonner les villages m\u00e9di\u00e9vaux<\/span>\n\t\t\t\t\t\t\t\t\t\t\t<\/a>\n\t\t\t\t\t\t\t\t\t<\/li>\n\t\t\t\t\t\t\t\t<li class=\"elementor-icon-list-item\">\n\t\t\t\t\t\t\t\t\t\t\t<a href=\"#titre2\">\n\n\t\t\t\t\t\t\t\t\t\t\t\t<span class=\"elementor-icon-list-icon\">\n\t\t\t\t\t\t\t<svg aria-hidden=\"true\" class=\"e-font-icon-svg e-fas-dot-circle\" viewBox=\"0 0 512 512\" xmlns=\"http:\/\/www.w3.org\/2000\/svg\"><path d=\"M256 8C119.033 8 8 119.033 8 256s111.033 248 248 248 248-111.033 248-248S392.967 8 256 8zm80 248c0 44.112-35.888 80-80 80s-80-35.888-80-80 35.888-80 80-80 80 35.888 80 80z\"><\/path><\/svg>\t\t\t\t\t\t<\/span>\n\t\t\t\t\t\t\t\t\t\t<span class=\"elementor-icon-list-text\">Savourer la gastronomie locale<\/span>\n\t\t\t\t\t\t\t\t\t\t\t<\/a>\n\t\t\t\t\t\t\t\t\t<\/li>\n\t\t\t\t\t\t\t\t<li class=\"elementor-icon-list-item\">\n\t\t\t\t\t\t\t\t\t\t\t<a href=\"#titre3\">\n\n\t\t\t\t\t\t\t\t\t\t\t\t<span class=\"elementor-icon-list-icon\">\n\t\t\t\t\t\t\t<svg aria-hidden=\"true\" class=\"e-font-icon-svg e-fas-dot-circle\" viewBox=\"0 0 512 512\" xmlns=\"http:\/\/www.w3.org\/2000\/svg\"><path d=\"M256 8C119.033 8 8 119.033 8 256s111.033 248 248 248 248-111.033 248-248S392.967 8 256 8zm80 248c0 44.112-35.888 80-80 80s-80-35.888-80-80 35.888-80 80-80 80 35.888 80 80z\"><\/path><\/svg>\t\t\t\t\t\t<\/span>\n\t\t\t\t\t\t\t\t\t\t<span class=\"elementor-icon-list-text\">Parcourir le mythique Chemin de Ronde<\/span>\n\t\t\t\t\t\t\t\t\t\t\t<\/a>\n\t\t\t\t\t\t\t\t\t<\/li>\n\t\t\t\t\t\t\t\t<li class=\"elementor-icon-list-item\">\n\t\t\t\t\t\t\t\t\t\t\t<a href=\"#titre4\">\n\n\t\t\t\t\t\t\t\t\t\t\t\t<span class=\"elementor-icon-list-icon\">\n\t\t\t\t\t\t\t<svg aria-hidden=\"true\" class=\"e-font-icon-svg e-fas-dot-circle\" viewBox=\"0 0 512 512\" xmlns=\"http:\/\/www.w3.org\/2000\/svg\"><path d=\"M256 8C119.033 8 8 119.033 8 256s111.033 248 248 248 248-111.033 248-248S392.967 8 256 8zm80 248c0 44.112-35.888 80-80 80s-80-35.888-80-80 35.888-80 80-80 80 35.888 80 80z\"><\/path><\/svg>\t\t\t\t\t\t<\/span>\n\t\t\t\t\t\t\t\t\t\t<span class=\"elementor-icon-list-text\">Se reconnecter \u00e0 la nature<\/span>\n\t\t\t\t\t\t\t\t\t\t\t<\/a>\n\t\t\t\t\t\t\t\t\t<\/li>\n\t\t\t\t\t\t\t\t<li class=\"elementor-icon-list-item\">\n\t\t\t\t\t\t\t\t\t\t\t<a href=\"#titre5\">\n\n\t\t\t\t\t\t\t\t\t\t\t\t<span class=\"elementor-icon-list-icon\">\n\t\t\t\t\t\t\t<svg aria-hidden=\"true\" class=\"e-font-icon-svg e-fas-dot-circle\" viewBox=\"0 0 512 512\" xmlns=\"http:\/\/www.w3.org\/2000\/svg\"><path d=\"M256 8C119.033 8 8 119.033 8 256s111.033 248 248 248 248-111.033 248-248S392.967 8 256 8zm80 248c0 44.112-35.888 80-80 80s-80-35.888-80-80 35.888-80 80-80 80 35.888 80 80z\"><\/path><\/svg>\t\t\t\t\t\t<\/span>\n\t\t\t\t\t\t\t\t\t\t<span class=\"elementor-icon-list-text\">L\u00e9zarder sur les plus belles plages de la Costa Brava<\/span>\n\t\t\t\t\t\t\t\t\t\t\t<\/a>\n\t\t\t\t\t\t\t\t\t<\/li>\n\t\t\t\t\t\t\t\t<li class=\"elementor-icon-list-item\">\n\t\t\t\t\t\t\t\t\t\t\t<a href=\"#titre6\">\n\n\t\t\t\t\t\t\t\t\t\t\t\t<span class=\"elementor-icon-list-icon\">\n\t\t\t\t\t\t\t<svg aria-hidden=\"true\" class=\"e-font-icon-svg e-fas-dot-circle\" viewBox=\"0 0 512 512\" xmlns=\"http:\/\/www.w3.org\/2000\/svg\"><path d=\"M256 8C119.033 8 8 119.033 8 256s111.033 248 248 248 248-111.033 248-248S392.967 8 256 8zm80 248c0 44.112-35.888 80-80 80s-80-35.888-80-80 35.888-80 80-80 80 35.888 80 80z\"><\/path><\/svg>\t\t\t\t\t\t<\/span>\n\t\t\t\t\t\t\t\t\t\t<span class=\"elementor-icon-list-text\">S'adonner aux joies des sports nautiques<\/span>\n\t\t\t\t\t\t\t\t\t\t\t<\/a>\n\t\t\t\t\t\t\t\t\t<\/li>\n\t\t\t\t\t\t\t\t<li class=\"elementor-icon-list-item\">\n\t\t\t\t\t\t\t\t\t\t\t<a href=\"#titre7\">\n\n\t\t\t\t\t\t\t\t\t\t\t\t<span class=\"elementor-icon-list-icon\">\n\t\t\t\t\t\t\t<svg aria-hidden=\"true\" class=\"e-font-icon-svg e-fas-dot-circle\" viewBox=\"0 0 512 512\" xmlns=\"http:\/\/www.w3.org\/2000\/svg\"><path d=\"M256 8C119.033 8 8 119.033 8 256s111.033 248 248 248 248-111.033 248-248S392.967 8 256 8zm80 248c0 44.112-35.888 80-80 80s-80-35.888-80-80 35.888-80 80-80 80 35.888 80 80z\"><\/path><\/svg>\t\t\t\t\t\t<\/span>\n\t\t\t\t\t\t\t\t\t\t<span class=\"elementor-icon-list-text\">P\u00e9n\u00e9trer dans un monde de surr\u00e9alisme avec Dal\u00ed<\/span>\n\t\t\t\t\t\t\t\t\t\t\t<\/a>\n\t\t\t\t\t\t\t\t\t<\/li>\n\t\t\t\t\t\t\t\t<li class=\"elementor-icon-list-item\">\n\t\t\t\t\t\t\t\t\t\t\t<a href=\"#titre8\">\n\n\t\t\t\t\t\t\t\t\t\t\t\t<span class=\"elementor-icon-list-icon\">\n\t\t\t\t\t\t\t<svg aria-hidden=\"true\" class=\"e-font-icon-svg e-fas-dot-circle\" viewBox=\"0 0 512 512\" xmlns=\"http:\/\/www.w3.org\/2000\/svg\"><path d=\"M256 8C119.033 8 8 119.033 8 256s111.033 248 248 248 248-111.033 248-248S392.967 8 256 8zm80 248c0 44.112-35.888 80-80 80s-80-35.888-80-80 35.888-80 80-80 80 35.888 80 80z\"><\/path><\/svg>\t\t\t\t\t\t<\/span>\n\t\t\t\t\t\t\t\t\t\t<span class=\"elementor-icon-list-text\">Participer aux festivals et f\u00eates traditionnelles<\/span>\n\t\t\t\t\t\t\t\t\t\t\t<\/a>\n\t\t\t\t\t\t\t\t\t<\/li>\n\t\t\t\t\t\t\t\t<li class=\"elementor-icon-list-item\">\n\t\t\t\t\t\t\t\t\t\t\t<a href=\"#titre9\">\n\n\t\t\t\t\t\t\t\t\t\t\t\t<span class=\"elementor-icon-list-icon\">\n\t\t\t\t\t\t\t<svg aria-hidden=\"true\" class=\"e-font-icon-svg e-fas-dot-circle\" viewBox=\"0 0 512 512\" xmlns=\"http:\/\/www.w3.org\/2000\/svg\"><path d=\"M256 8C119.033 8 8 119.033 8 256s111.033 248 248 248 248-111.033 248-248S392.967 8 256 8zm80 248c0 44.112-35.888 80-80 80s-80-35.888-80-80 35.888-80 80-80 80 35.888 80 80z\"><\/path><\/svg>\t\t\t\t\t\t<\/span>\n\t\t\t\t\t\t\t\t\t\t<span class=\"elementor-icon-list-text\">L'essentiel \u00e0 retenir avant de visiter Costa Brava<\/span>\n\t\t\t\t\t\t\t\t\t\t\t<\/a>\n\t\t\t\t\t\t\t\t\t<\/li>\n\t\t\t\t\t\t<\/ul>\n\t\t\t\t\t\t<\/div>\n\t\t\t\t<\/div>\n\t\t\t\t<\/div>\n\t\t<div class=\"elementor-element elementor-element-4fcc22b e-con-full e-flex wpr-particle-no wpr-jarallax-no wpr-parallax-no wpr-sticky-section-no wpr-equal-height-no e-con e-child\" data-id=\"4fcc22b\" data-element_type=\"container\" data-e-type=\"container\">\n\t\t\t\t<div class=\"elementor-element elementor-element-d4b2f2e elementor-widget elementor-widget-text-editor\" data-id=\"d4b2f2e\" data-element_type=\"widget\" data-e-type=\"widget\" data-widget_type=\"text-editor.default\">\n\t\t\t\t<div class=\"elementor-widget-container\">\n\t\t\t\t\t\t\t\t\t<p>La <em><span style=\"text-decoration: underline;\"><a href=\"https:\/\/www.hispanoa.com\/actualite\/category\/costa-brava\/\">Costa Brava<\/a><\/span><\/em>, un nom qui chante \u00e0 l&#8217;oreille, n&#8217;est-ce pas ? En catalan, \u00ab brava \u00bb signifie \u00ab escarp\u00e9 \u00bb ou \u00ab abrupte \u00bb. Cela \u00e9voque parfaitement la nature sauvage et la force des \u00e9l\u00e9ments qui sculptent cette c\u00f4te espagnole. Petites <strong>criques<\/strong> isol\u00e9es, <strong>falaises<\/strong> plongeant dans la M\u00e9diterran\u00e9e, <strong>plages et villages m\u00e9di\u00e9vaux<\/strong> vous y attendent ! Amateurs de paysages, de <strong>d\u00e9couvertes culturelles<\/strong>, de <strong>bonne cuisine<\/strong> ou de farniente, chacun y trouve son bonheur. Lisez ce guide avant de<strong> visiter la Costa Brava<\/strong> !<\/p>\t\t\t\t\t\t\t\t<\/div>\n\t\t\t\t<\/div>\n\t\t\t\t<\/div>\n\t\t\t\t\t<\/div>\n\t\t\t\t<\/div>\n\t\t<div class=\"elementor-element elementor-element-3088c70 e-flex e-con-boxed wpr-particle-no wpr-jarallax-no wpr-parallax-no wpr-sticky-section-no wpr-equal-height-no e-con e-parent\" data-id=\"3088c70\" data-element_type=\"container\" data-e-type=\"container\">\n\t\t\t\t\t<div class=\"e-con-inner\">\n\t\t\t\t<div class=\"elementor-element elementor-element-8122531 elementor-widget-divider--view-line elementor-widget elementor-widget-divider\" data-id=\"8122531\" data-element_type=\"widget\" data-e-type=\"widget\" data-widget_type=\"divider.default\">\n\t\t\t\t<div class=\"elementor-widget-container\">\n\t\t\t\t\t\t\t<div class=\"elementor-divider\">\n\t\t\t<span class=\"elementor-divider-separator\">\n\t\t\t\t\t\t<\/span>\n\t\t<\/div>\n\t\t\t\t\t\t<\/div>\n\t\t\t\t<\/div>\n\t\t\t\t<div class=\"elementor-element elementor-element-0860737 elementor-widget elementor-widget-heading\" data-id=\"0860737\" data-element_type=\"widget\" data-e-type=\"widget\" id=\"titre1\" data-widget_type=\"heading.default\">\n\t\t\t\t<div class=\"elementor-widget-container\">\n\t\t\t\t\t<h2 class=\"elementor-heading-title elementor-size-default\">Sillonner les villages m\u00e9di\u00e9vaux\n<\/h2>\t\t\t\t<\/div>\n\t\t\t\t<\/div>\n\t\t\t\t<div class=\"elementor-element elementor-element-d89d62a elementor-widget elementor-widget-text-editor\" data-id=\"d89d62a\" data-element_type=\"widget\" data-e-type=\"widget\" data-widget_type=\"text-editor.default\">\n\t\t\t\t<div class=\"elementor-widget-container\">\n\t\t\t\t\t\t\t\t\t<p>Quel plaisir de se perdre dans les ruelles d&#8217;un <strong>village m\u00e9di\u00e9val en Espagne<\/strong> ! La r\u00e9gion en regorge et ils constituent une excellente raison de <strong>visiter la Costa Brava<\/strong>. Si vous cherchez une exp\u00e9rience authentique lors de vos <strong>vacances<\/strong>, ne manquez donc pas :<\/p><ul><li><strong>Pals<\/strong>, perch\u00e9 sur une colline, s\u00e9duit par ses ruelles pav\u00e9es et ses panoramas \u00e0 couper le souffle.<\/li><li><strong>Peratallada<\/strong>, authentique et fig\u00e9 dans le temps, est un labyrinthe de pierres dor\u00e9es.<\/li><li><strong>Begur<\/strong>, entre mer et montagne, se distingue par ses maisons coloniales et les vestiges de son ch\u00e2teau.<\/li><li>Mais aussi <strong>Palau-Sator<\/strong>, La <strong>Bisbal d\u2019Empord\u00e0<\/strong>, ou <strong>Ullastret<\/strong>.<\/li><\/ul>\t\t\t\t\t\t\t\t<\/div>\n\t\t\t\t<\/div>\n\t\t\t\t\t<\/div>\n\t\t\t\t<\/div>\n\t\t<div class=\"elementor-element elementor-element-240b220 e-flex e-con-boxed wpr-particle-no wpr-jarallax-no wpr-parallax-no wpr-sticky-section-no wpr-equal-height-no e-con e-parent\" data-id=\"240b220\" data-element_type=\"container\" data-e-type=\"container\">\n\t\t\t\t\t<div class=\"e-con-inner\">\n\t\t\t\t<div class=\"elementor-element elementor-element-1469270 elementor-widget-divider--view-line elementor-widget elementor-widget-divider\" data-id=\"1469270\" data-element_type=\"widget\" data-e-type=\"widget\" data-widget_type=\"divider.default\">\n\t\t\t\t<div class=\"elementor-widget-container\">\n\t\t\t\t\t\t\t<div class=\"elementor-divider\">\n\t\t\t<span class=\"elementor-divider-separator\">\n\t\t\t\t\t\t<\/span>\n\t\t<\/div>\n\t\t\t\t\t\t<\/div>\n\t\t\t\t<\/div>\n\t\t\t\t<div class=\"elementor-element elementor-element-39ca781 elementor-widget elementor-widget-heading\" data-id=\"39ca781\" data-element_type=\"widget\" data-e-type=\"widget\" id=\"titre2\" data-widget_type=\"heading.default\">\n\t\t\t\t<div class=\"elementor-widget-container\">\n\t\t\t\t\t<h2 class=\"elementor-heading-title elementor-size-default\">Savourer la gastronomie locale\n<\/h2>\t\t\t\t<\/div>\n\t\t\t\t<\/div>\n\t\t\t\t<div class=\"elementor-element elementor-element-4093bad elementor-widget elementor-widget-text-editor\" data-id=\"4093bad\" data-element_type=\"widget\" data-e-type=\"widget\" data-widget_type=\"text-editor.default\">\n\t\t\t\t<div class=\"elementor-widget-container\">\n\t\t\t\t\t\t\t\t\t<p>La <strong>Costa Brava<\/strong> est une destination de choix pour les gourmands !<br \/>Des <strong>anchois de l\u2019Escala<\/strong> au <strong>Suquet de Peix<\/strong>, un rago\u00fbt de poisson, chaque plat raconte une histoire. Go\u00fbtez l&#8217;<strong>Arros a la Cassola<\/strong>, un riz mijot\u00e9, ou la traditionnelle soupe l\u2019<strong>Escudella i Carn d\u2019Olla<\/strong>. Et que dire des <strong>tapas et des pintxos<\/strong>, parfaits pour partager un moment convivial ? Les <strong>fruits de mer frais grill\u00e9s<\/strong> sont aussi un incontournable, tout comme la <strong>cr\u00e8me catalane<\/strong> pour finir votre festin en douceur.<br \/>Pour une exp\u00e9rience culinaire hors norme, sachez que la <strong>ville de G\u00e9rone<\/strong> abrite une table mondialement reconnue : <strong>El Celler de Can Roca<\/strong> ! Elu <strong>meilleur restaurant au monde<\/strong> en 2013 et 2015 et dirig\u00e9 par les fr\u00e8res Roca, ce <strong>restaurant triplement \u00e9toil\u00e9 au Michelin<\/strong> propose un menu d\u00e9gustation de 32 plats.<br \/><br \/><em>Adresse : carrer de Can Sunyer, 48, 17007 Girona, Espagne.<br \/><\/em><br \/>Pr\u00e9parer son itin\u00e9raire sur la Costa Brava, version gastronomique, est un excellent moyen de visiter cette c\u00f4te !<\/p>\t\t\t\t\t\t\t\t<\/div>\n\t\t\t\t<\/div>\n\t\t\t\t\t<\/div>\n\t\t\t\t<\/div>\n\t\t<div class=\"elementor-element elementor-element-2dd9041 e-flex e-con-boxed wpr-particle-no wpr-jarallax-no wpr-parallax-no wpr-sticky-section-no wpr-equal-height-no e-con e-parent\" data-id=\"2dd9041\" data-element_type=\"container\" data-e-type=\"container\">\n\t\t\t\t\t<div class=\"e-con-inner\">\n\t\t\t\t<div class=\"elementor-element elementor-element-f40cd37 elementor-widget-divider--view-line elementor-widget elementor-widget-divider\" data-id=\"f40cd37\" data-element_type=\"widget\" data-e-type=\"widget\" data-widget_type=\"divider.default\">\n\t\t\t\t<div class=\"elementor-widget-container\">\n\t\t\t\t\t\t\t<div class=\"elementor-divider\">\n\t\t\t<span class=\"elementor-divider-separator\">\n\t\t\t\t\t\t<\/span>\n\t\t<\/div>\n\t\t\t\t\t\t<\/div>\n\t\t\t\t<\/div>\n\t\t\t\t<div class=\"elementor-element elementor-element-098905a elementor-widget elementor-widget-heading\" data-id=\"098905a\" data-element_type=\"widget\" data-e-type=\"widget\" id=\"titre3\" data-widget_type=\"heading.default\">\n\t\t\t\t<div class=\"elementor-widget-container\">\n\t\t\t\t\t<h2 class=\"elementor-heading-title elementor-size-default\">Parcourir le mythique Chemin de Ronde\n<\/h2>\t\t\t\t<\/div>\n\t\t\t\t<\/div>\n\t\t\t\t<div class=\"elementor-element elementor-element-6970df2 elementor-widget elementor-widget-text-editor\" data-id=\"6970df2\" data-element_type=\"widget\" data-e-type=\"widget\" data-widget_type=\"text-editor.default\">\n\t\t\t\t<div class=\"elementor-widget-container\">\n\t\t\t\t\t\t\t\t\t<p>Envie d&#8217;une <strong>randonn\u00e9e sur la Costa Brava<\/strong> ? Le <strong>Cam\u00ed de Ronda<\/strong> est fait pour vous ! Ce sentier historique longe la c\u00f4te sur environ 200 km, reliant criques, falaises abruptes, for\u00eats de pins et charmants villages de p\u00eacheurs. Une <strong>vue imprenable sur la M\u00e9diterran\u00e9e est garantie<\/strong> !<br \/>Vous pouvez le parcourir sur plusieurs jours en passant de <em><span style=\"text-decoration: underline;\"><a href=\"https:\/\/www.hispanoa.com\/fr\/\">location de vacances en Espagne<\/a><\/span><\/em> en location de vacances ou opter pour des tron\u00e7ons plus courts, comme ceux autour de <strong>S\u2019Agar\u00f3, Tamariu ou Calella de Palafrugell.<\/strong><br \/>Ces balades repr\u00e9sentent une alternative dynamique et responsable pour visiter la Costa Brava et appr\u00e9cier ses plages et autres panoramas.<\/p>\t\t\t\t\t\t\t\t<\/div>\n\t\t\t\t<\/div>\n\t\t\t\t\t<\/div>\n\t\t\t\t<\/div>\n\t\t<div class=\"elementor-element elementor-element-f3d1d62 e-flex e-con-boxed wpr-particle-no wpr-jarallax-no wpr-parallax-no wpr-sticky-section-no wpr-equal-height-no e-con e-parent\" data-id=\"f3d1d62\" data-element_type=\"container\" data-e-type=\"container\">\n\t\t\t\t\t<div class=\"e-con-inner\">\n\t\t\t\t<div class=\"elementor-element elementor-element-eb6c252 elementor-widget-divider--view-line elementor-widget elementor-widget-divider\" data-id=\"eb6c252\" data-element_type=\"widget\" data-e-type=\"widget\" data-widget_type=\"divider.default\">\n\t\t\t\t<div class=\"elementor-widget-container\">\n\t\t\t\t\t\t\t<div class=\"elementor-divider\">\n\t\t\t<span class=\"elementor-divider-separator\">\n\t\t\t\t\t\t<\/span>\n\t\t<\/div>\n\t\t\t\t\t\t<\/div>\n\t\t\t\t<\/div>\n\t\t\t\t<div class=\"elementor-element elementor-element-5919548 elementor-widget elementor-widget-heading\" data-id=\"5919548\" data-element_type=\"widget\" data-e-type=\"widget\" id=\"titre4\" data-widget_type=\"heading.default\">\n\t\t\t\t<div class=\"elementor-widget-container\">\n\t\t\t\t\t<h2 class=\"elementor-heading-title elementor-size-default\">Se reconnecter \u00e0 la nature\n<\/h2>\t\t\t\t<\/div>\n\t\t\t\t<\/div>\n\t\t\t\t<div class=\"elementor-element elementor-element-1065474 elementor-widget elementor-widget-text-editor\" data-id=\"1065474\" data-element_type=\"widget\" data-e-type=\"widget\" data-widget_type=\"text-editor.default\">\n\t\t\t\t<div class=\"elementor-widget-container\">\n\t\t\t\t\t\t\t\t\t<p>Plusieurs <strong>parcs naturels<\/strong> structurent la belle r\u00e9gion de la <strong>Costa Brava<\/strong>. Une visite dans ces espaces est une bouff\u00e9e d&#8217;air pur garantie pendant vos <strong>vacances en Espagne<\/strong>. Vous pourrez en mettre quelques-uns sur la liste de <strong>meilleurs endroits sur la Costa Brava<\/strong> :<\/p><ul><li><strong>Le Parc Naturel du Cap de Creus<\/strong> : entre mer et montagnes, il affiche un d\u00e9cor brut et sauvage aux allures lunaires.<\/li><li><strong>Le Parc Naturel des Aiguamolls de l\u2019Empord\u00e0<\/strong> : paradis des oiseaux migrateurs, il est parfait pour les amateurs d\u2019ornithologie.<\/li><li><strong>Le Parc Naturel du Montgr\u00ed, des \u00eeles Medes et du Baix Ter<\/strong> : il m\u00eale reliefs calcaires et fonds marins exceptionnels prot\u00e9g\u00e9s.<\/li><\/ul>\t\t\t\t\t\t\t\t<\/div>\n\t\t\t\t<\/div>\n\t\t\t\t\t<\/div>\n\t\t\t\t<\/div>\n\t\t<div class=\"elementor-element elementor-element-5fdf34e e-flex e-con-boxed wpr-particle-no wpr-jarallax-no wpr-parallax-no wpr-sticky-section-no wpr-equal-height-no e-con e-parent\" data-id=\"5fdf34e\" data-element_type=\"container\" data-e-type=\"container\">\n\t\t\t\t\t<div class=\"e-con-inner\">\n\t\t\t\t<div class=\"elementor-element elementor-element-81c7e1c elementor-widget-divider--view-line elementor-widget elementor-widget-divider\" data-id=\"81c7e1c\" data-element_type=\"widget\" data-e-type=\"widget\" data-widget_type=\"divider.default\">\n\t\t\t\t<div class=\"elementor-widget-container\">\n\t\t\t\t\t\t\t<div class=\"elementor-divider\">\n\t\t\t<span class=\"elementor-divider-separator\">\n\t\t\t\t\t\t<\/span>\n\t\t<\/div>\n\t\t\t\t\t\t<\/div>\n\t\t\t\t<\/div>\n\t\t\t\t<div class=\"elementor-element elementor-element-8f7f04a elementor-widget elementor-widget-heading\" data-id=\"8f7f04a\" data-element_type=\"widget\" data-e-type=\"widget\" id=\"titre5\" data-widget_type=\"heading.default\">\n\t\t\t\t<div class=\"elementor-widget-container\">\n\t\t\t\t\t<h2 class=\"elementor-heading-title elementor-size-default\">L\u00e9zarder sur les plus belles plages de la Costa Brava<\/h2>\t\t\t\t<\/div>\n\t\t\t\t<\/div>\n\t\t\t\t<div class=\"elementor-element elementor-element-2c04da4 elementor-widget elementor-widget-text-editor\" data-id=\"2c04da4\" data-element_type=\"widget\" data-e-type=\"widget\" data-widget_type=\"text-editor.default\">\n\t\t\t\t<div class=\"elementor-widget-container\">\n\t\t\t\t\t\t\t\t\t<p>Que seraient des <strong>vacances sur la Costa Brava<\/strong> sans profiter de ses magnifiques <strong>plages et criques<\/strong> ? Il y en a pour tous les go\u00fbts ! Des petites anses sauvages et pr\u00e9serv\u00e9es aux grandes \u00e9tendues de sable fin bien \u00e9quip\u00e9es, vous trouverez votre coin de paradis aquatique en Espagne.<br \/>Pensez aux <strong>criques de Begur<\/strong>, comme <strong>Aiguablava<\/strong> ou <strong>Cala Sa Tuna<\/strong>, pour un cadre naturel et intime. Pour plus d&#8217;animation et de services, des stations comme <strong>Lloret de Mar ou Platja d\u2019Aro<\/strong> sont id\u00e9ales. <strong>Tossa de Mar<\/strong> ou la Cala Estreta pr\u00e8s du <strong>Cap Roig<\/strong> garantissent des d\u00e9cors pris\u00e9s par les photographes.<\/p>\t\t\t\t\t\t\t\t<\/div>\n\t\t\t\t<\/div>\n\t\t\t\t\t<\/div>\n\t\t\t\t<\/div>\n\t\t<div class=\"elementor-element elementor-element-5bd4b91 e-flex e-con-boxed wpr-particle-no wpr-jarallax-no wpr-parallax-no wpr-sticky-section-no wpr-equal-height-no e-con e-parent\" data-id=\"5bd4b91\" data-element_type=\"container\" data-e-type=\"container\">\n\t\t\t\t\t<div class=\"e-con-inner\">\n\t\t\t\t<div class=\"elementor-element elementor-element-3dbdef3 elementor-widget-divider--view-line elementor-widget elementor-widget-divider\" data-id=\"3dbdef3\" data-element_type=\"widget\" data-e-type=\"widget\" data-widget_type=\"divider.default\">\n\t\t\t\t<div class=\"elementor-widget-container\">\n\t\t\t\t\t\t\t<div class=\"elementor-divider\">\n\t\t\t<span class=\"elementor-divider-separator\">\n\t\t\t\t\t\t<\/span>\n\t\t<\/div>\n\t\t\t\t\t\t<\/div>\n\t\t\t\t<\/div>\n\t\t\t\t<div class=\"elementor-element elementor-element-549f106 elementor-widget elementor-widget-heading\" data-id=\"549f106\" data-element_type=\"widget\" data-e-type=\"widget\" id=\"titre6\" data-widget_type=\"heading.default\">\n\t\t\t\t<div class=\"elementor-widget-container\">\n\t\t\t\t\t<h2 class=\"elementor-heading-title elementor-size-default\">S'adonner aux joies des sports nautiques<\/h2>\t\t\t\t<\/div>\n\t\t\t\t<\/div>\n\t\t\t\t<div class=\"elementor-element elementor-element-2478aa9 elementor-widget elementor-widget-text-editor\" data-id=\"2478aa9\" data-element_type=\"widget\" data-e-type=\"widget\" data-widget_type=\"text-editor.default\">\n\t\t\t\t<div class=\"elementor-widget-container\">\n\t\t\t\t\t\t\t\t\t<p>Sur cette c\u00f4te, les <strong>activit\u00e9s nautiques<\/strong> sont reines ! Et ceci constitue une fa\u00e7on rafra\u00eechissante de <strong>visiter la Costa Brava<\/strong> et de profiter de ses superbes <strong>plages<\/strong>.<br \/>Pagayez en <strong>kayak<\/strong> ou en <strong>paddle<\/strong> le long des c\u00f4tes du <strong>Cap de Creus<\/strong> ou autour des \u00eeles Medes. Les fonds marins, notamment \u00e0 L\u2019Estartit, Roses ou pr\u00e8s de Cadaqu\u00e9s, sont superbes pour la plong\u00e9e et le snorkeling. Pour plus de sensations, pourquoi ne pas essayer le jet ski ou le <strong>parachute ascensionnel \u00e0 Blanes ou Roses<\/strong> ?<br \/>Conseil : de nombreux centres et prestataires vous attendent. Retrouvez les adresses conseill\u00e9es par l&#8217;office du tourisme <span style=\"text-decoration: underline;\"><em><a href=\"https:\/\/costabrava.org\/fr\/experiences\/activites-aquatiques\/\">ici<\/a><\/em><\/span> pour bien organiser votre s\u00e9jour sur la Costa Brava<\/p>\t\t\t\t\t\t\t\t<\/div>\n\t\t\t\t<\/div>\n\t\t\t\t\t<\/div>\n\t\t\t\t<\/div>\n\t\t<div class=\"elementor-element elementor-element-510c5c8 e-flex e-con-boxed wpr-particle-no wpr-jarallax-no wpr-parallax-no wpr-sticky-section-no wpr-equal-height-no e-con e-parent\" data-id=\"510c5c8\" data-element_type=\"container\" data-e-type=\"container\">\n\t\t\t\t\t<div class=\"e-con-inner\">\n\t\t\t\t<div class=\"elementor-element elementor-element-378adca elementor-widget-divider--view-line elementor-widget elementor-widget-divider\" data-id=\"378adca\" data-element_type=\"widget\" data-e-type=\"widget\" data-widget_type=\"divider.default\">\n\t\t\t\t<div class=\"elementor-widget-container\">\n\t\t\t\t\t\t\t<div class=\"elementor-divider\">\n\t\t\t<span class=\"elementor-divider-separator\">\n\t\t\t\t\t\t<\/span>\n\t\t<\/div>\n\t\t\t\t\t\t<\/div>\n\t\t\t\t<\/div>\n\t\t\t\t<div class=\"elementor-element elementor-element-7bce3e3 elementor-widget elementor-widget-heading\" data-id=\"7bce3e3\" data-element_type=\"widget\" data-e-type=\"widget\" id=\"titre7\" data-widget_type=\"heading.default\">\n\t\t\t\t<div class=\"elementor-widget-container\">\n\t\t\t\t\t<h2 class=\"elementor-heading-title elementor-size-default\">P\u00e9n\u00e9trer dans un monde de surr\u00e9alisme avec Dal\u00ed<\/h2>\t\t\t\t<\/div>\n\t\t\t\t<\/div>\n\t\t\t\t<div class=\"elementor-element elementor-element-281776c elementor-widget elementor-widget-text-editor\" data-id=\"281776c\" data-element_type=\"widget\" data-e-type=\"widget\" data-widget_type=\"text-editor.default\">\n\t\t\t\t<div class=\"elementor-widget-container\">\n\t\t\t\t\t\t\t\t\t<p>Comment \u00e9voquer la <strong>Costa Brava<\/strong> sans mentionner <strong>Salvador Dal\u00ed<\/strong> ? Le peintre surr\u00e9aliste a profond\u00e9ment marqu\u00e9 cette r\u00e9gion de son empreinte. Pour les amateurs d&#8217;art et les curieux, c&#8217;est d\u2019ailleurs une raison majeure de <strong>visiter la Costa Brava<\/strong> !<br \/>La visite du <strong>Triangle Dalinien<\/strong> comprend :<\/p><ul><li><strong>Le Th\u00e9\u00e2tre-Mus\u00e9e Dal\u00ed<\/strong> : <em>pla\u00e7a Gala i Salvador Dal\u00ed, 5, 17600 Figueres, G\u00e9rone, Espagne.<\/em><\/li><li><strong>La Maison-Mus\u00e9e Salvador Dal\u00ed<\/strong> : <em>platja de Portlligat, 17488 Cadaqu\u00e9s, G\u00e9rone, Espagne.<\/em><\/li><li><strong>Le Ch\u00e2teau Gala Dal\u00ed<\/strong> : <em>pla\u00e7a Gala Dal\u00ed, s\/n, 17120 P\u00fabol, La Pera, G\u00e9rone, Espagne.<\/em><\/li><\/ul>\t\t\t\t\t\t\t\t<\/div>\n\t\t\t\t<\/div>\n\t\t\t\t\t<\/div>\n\t\t\t\t<\/div>\n\t\t<div class=\"elementor-element elementor-element-9d65ec1 e-flex e-con-boxed wpr-particle-no wpr-jarallax-no wpr-parallax-no wpr-sticky-section-no wpr-equal-height-no e-con e-parent\" data-id=\"9d65ec1\" data-element_type=\"container\" data-e-type=\"container\">\n\t\t\t\t\t<div class=\"e-con-inner\">\n\t\t\t\t<div class=\"elementor-element elementor-element-5450fae elementor-widget-divider--view-line elementor-widget elementor-widget-divider\" data-id=\"5450fae\" data-element_type=\"widget\" data-e-type=\"widget\" data-widget_type=\"divider.default\">\n\t\t\t\t<div class=\"elementor-widget-container\">\n\t\t\t\t\t\t\t<div class=\"elementor-divider\">\n\t\t\t<span class=\"elementor-divider-separator\">\n\t\t\t\t\t\t<\/span>\n\t\t<\/div>\n\t\t\t\t\t\t<\/div>\n\t\t\t\t<\/div>\n\t\t\t\t<div class=\"elementor-element elementor-element-f2e2a67 elementor-widget elementor-widget-heading\" data-id=\"f2e2a67\" data-element_type=\"widget\" data-e-type=\"widget\" id=\"titre8\" data-widget_type=\"heading.default\">\n\t\t\t\t<div class=\"elementor-widget-container\">\n\t\t\t\t\t<h2 class=\"elementor-heading-title elementor-size-default\">Participer aux festivals et f\u00eates traditionnelles\n<\/h2>\t\t\t\t<\/div>\n\t\t\t\t<\/div>\n\t\t\t\t<div class=\"elementor-element elementor-element-eba0429 elementor-widget elementor-widget-text-editor\" data-id=\"eba0429\" data-element_type=\"widget\" data-e-type=\"widget\" data-widget_type=\"text-editor.default\">\n\t\t\t\t<div class=\"elementor-widget-container\">\n\t\t\t\t\t\t\t\t\t<p>La <strong>Costa Brava<\/strong> vibre au rythme de ses f\u00eates et festivals tout au long de l&#8217;ann\u00e9e ! Y assister serait une excellente mani\u00e8re de pimenter vos <strong>vacances en Espagne<\/strong> et de <strong>visiter la Costa Brava<\/strong> autrement. Voici quelque incontournables :<\/p><ul><li><strong>Carnaval de Platja d\u2019Aro<\/strong> (fin f\u00e9vrier \u2013 d\u00e9but mars)<\/li><li><strong>Festival de Cap Roig \u00e0 Calella de Palafrugell<\/strong> (juillet \u2013 ao\u00fbt)<\/li><li><strong>Festa Major de Blanes<\/strong> (juillet)<\/li><li><strong>Festival Rumb(A) Palam\u00f3s<\/strong> (juillet)<\/li><li><strong>Mare de D\u00e9u del Carme \u00e0 Palam\u00f3s<\/strong> (mi-juillet)<\/li><\/ul>\t\t\t\t\t\t\t\t<\/div>\n\t\t\t\t<\/div>\n\t\t\t\t\t<\/div>\n\t\t\t\t<\/div>\n\t\t<div class=\"elementor-element elementor-element-d861ba9 e-flex e-con-boxed wpr-particle-no wpr-jarallax-no wpr-parallax-no wpr-sticky-section-no wpr-equal-height-no e-con e-parent\" data-id=\"d861ba9\" data-element_type=\"container\" data-e-type=\"container\">\n\t\t\t\t\t<div class=\"e-con-inner\">\n\t\t\t\t<div class=\"elementor-element elementor-element-6d11119 elementor-widget-divider--view-line elementor-widget elementor-widget-divider\" data-id=\"6d11119\" data-element_type=\"widget\" data-e-type=\"widget\" data-widget_type=\"divider.default\">\n\t\t\t\t<div class=\"elementor-widget-container\">\n\t\t\t\t\t\t\t<div class=\"elementor-divider\">\n\t\t\t<span class=\"elementor-divider-separator\">\n\t\t\t\t\t\t<\/span>\n\t\t<\/div>\n\t\t\t\t\t\t<\/div>\n\t\t\t\t<\/div>\n\t\t\t\t<div class=\"elementor-element elementor-element-d70972c elementor-widget elementor-widget-heading\" data-id=\"d70972c\" data-element_type=\"widget\" data-e-type=\"widget\" id=\"titre9\" data-widget_type=\"heading.default\">\n\t\t\t\t<div class=\"elementor-widget-container\">\n\t\t\t\t\t<h2 class=\"elementor-heading-title elementor-size-default\">L'essentiel \u00e0 retenir avant de visiter Costa Brava<\/h2>\t\t\t\t<\/div>\n\t\t\t\t<\/div>\n\t\t\t\t<div class=\"elementor-element elementor-element-0d90d56 wpr-equal-column-width-yes wpr-table-align-items-center wpr-data-table-type-custom elementor-widget elementor-widget-wpr-data-table\" data-id=\"0d90d56\" data-element_type=\"widget\" data-e-type=\"widget\" data-widget_type=\"wpr-data-table.default\">\n\t\t\t\t<div class=\"elementor-widget-container\">\n\t\t\t\t\t\n\t\t\t\t\n\t\t<div class=\"wpr-table-container\">\n\t\t<div class=\"wpr-table-inner-container \" data-table-sorting=\"\" data-custom-pagination=\"\" data-row-pagination=\"\" data-entry-info=\"no\" data-rows-per-page=\"\">\n\n\t\t\n\t\t\t\t\t\t<table class=\"wpr-data-table\" id=\"wpr-data-table\">\n\t\t\t\t\t\t\t\t\n\t\t\t\t<thead>\n\t\t\t\t\t<tr class=\"wpr-table-head-row wpr-table-row\">\n\t\t\t\t\t\n\t\t\t\t\t\t<th class=\"wpr-table-th elementor-repeater-item-44783ad\" colspan=\"1\">\n\t\t\t\t\t\t\t<div class=\"\">\n\t\t\t\t\t\t\t\t<span style=\"display: inline-block; vertical-align: middle;\"><\/span>\t\t\t\t\t\t\t\t\n\t\t\t\t\t\t\t\t\t\t\t\t\t\t\t\t\t<span class=\"wpr-table-text\">Th\u00e8me<\/span>\n\t\t\t\t\t\t\t\t\t\t\t\t\t\t\t\t\t\t\t\t\t\t\t\t\t\t\t\t\t\t\t\t\t\t\t\t\t\t\t\t\t\t\t\t\t\t\t<\/div>\n\t\t\t\t\t\t<\/th>\n\t\t\t\t\t\t\n\t\t\t\t\t\t<th class=\"wpr-table-th elementor-repeater-item-97a8502\" colspan=\"1\">\n\t\t\t\t\t\t\t<div class=\"\">\n\t\t\t\t\t\t\t\t<span style=\"display: inline-block; vertical-align: middle;\"><\/span>\t\t\t\t\t\t\t\t\n\t\t\t\t\t\t\t\t\t\t\t\t\t\t\t\t\t<span class=\"wpr-table-text\">\u00c0 ne pas manquer<\/span>\n\t\t\t\t\t\t\t\t\t\t\t\t\t\t\t\t\t\t\t\t\t\t\t\t\t\t\t\t\t\t\t\t\t\t\t\t\t\t\t\t\t\t\t\t\t\t\t<\/div>\n\t\t\t\t\t\t<\/th>\n\t\t\t\t\t\t\t\t\t\t\t<\/tr>\n\t\t\t\t<\/thead>\n\n\t\t\t\t<tbody>\n\t\t\t\t\t\t\t\t\t<tr class=\"wpr-table-body-row wpr-table-row elementor-repeater-item-45cff8a wpr-odd\">\n\t\t\t\t\t\t\t\t\t\t\t\t\t\n\t\t\t\t\t\t\t<td colspan=\"\" rowspan=\"\" class=\"elementor-repeater-item-5d82c02 wpr-table-td\">\n\n\t\t\t\t\t\t\t\t<div class=\"wpr-td-content-wrapper \">\n\n\t\t\t\t\t\t\t\t\t\t\t\t\t\t\t\t\t\t\t\t\t\t\t\t\t\t\t\t\t<span>\n\t\t\t\t\t\t\t\t\t \n\t\t\t\t\t\t\t\t\t\t\t<span class=\"wpr-table-text\">\n\t\t\t\t\t\t\t\t\t\t\t\tVillages m\u00e9di\u00e9vaux\t\t\t\t\t\t\t\t\t\t\t<\/span>\n\t\t\t\t\t\t\t\t\t\t\t\t\t\t\t\t\t\t\t\t<\/span>\n\t\t\t\t\t\t\t\t\t\t\t\t\t\t\t\t\t\t\t\t\t\t\t\t\t\t\t\t\n\t\t\t\t\t\t\t\t<\/div>\n\n\t\t\t\t\t\t\t<\/td>\n\t\t\t\t\t\t\t\t\t\t\t\t\t\t\t\n\t\t\t\t\t\t\t<td colspan=\"\" rowspan=\"\" class=\"elementor-repeater-item-30d9c18 wpr-table-td\">\n\n\t\t\t\t\t\t\t\t<div class=\"wpr-td-content-wrapper \">\n\n\t\t\t\t\t\t\t\t\t\t\t\t\t\t\t\t\t\t\t\t\t\t\t\t\t\t\t\t\t<span>\n\t\t\t\t\t\t\t\t\t \n\t\t\t\t\t\t\t\t\t\t\t<span class=\"wpr-table-text\">\n\t\t\t\t\t\t\t\t\t\t\t\tPals, Peratallada, Begur, Palau-Sator, La Bisbal d\u2019Empord\u00e0, Ullastret\n\n\t\t\t\t\t\t\t\t\t\t\t<\/span>\n\t\t\t\t\t\t\t\t\t\t\t\t\t\t\t\t\t\t\t\t<\/span>\n\t\t\t\t\t\t\t\t\t\t\t\t\t\t\t\t\t\t\t\t\t\t\t\t\t\t\t\t\n\t\t\t\t\t\t\t\t<\/div>\n\n\t\t\t\t\t\t\t<\/td>\n\t\t\t\t\t\t\t\t\t\t\t\t<\/tr>\n\t\t\t        \t\t\t\t\t<tr class=\"wpr-table-body-row wpr-table-row elementor-repeater-item-ce000f6 wpr-even\">\n\t\t\t\t\t\t\t\t\t\t\t\t\t\n\t\t\t\t\t\t\t<td colspan=\"\" rowspan=\"\" class=\"elementor-repeater-item-c36c193 wpr-table-td\">\n\n\t\t\t\t\t\t\t\t<div class=\"wpr-td-content-wrapper \">\n\n\t\t\t\t\t\t\t\t\t\t\t\t\t\t\t\t\t\t\t\t\t\t\t\t\t\t\t\t\t<span>\n\t\t\t\t\t\t\t\t\t \n\t\t\t\t\t\t\t\t\t\t\t<span class=\"wpr-table-text\">\n\t\t\t\t\t\t\t\t\t\t\t\tGastronomie locale\t\t\t\t\t\t\t\t\t\t\t<\/span>\n\t\t\t\t\t\t\t\t\t\t\t\t\t\t\t\t\t\t\t\t<\/span>\n\t\t\t\t\t\t\t\t\t\t\t\t\t\t\t\t\t\t\t\t\t\t\t\t\t\t\t\t\n\t\t\t\t\t\t\t\t<\/div>\n\n\t\t\t\t\t\t\t<\/td>\n\t\t\t\t\t\t\t\t\t\t\t\t\t\t\t\n\t\t\t\t\t\t\t<td colspan=\"\" rowspan=\"\" class=\"elementor-repeater-item-2502402 wpr-table-td\">\n\n\t\t\t\t\t\t\t\t<div class=\"wpr-td-content-wrapper \">\n\n\t\t\t\t\t\t\t\t\t\t\t\t\t\t\t\t\t\t\t\t\t\t\t\t\t\t\t\t\t<span>\n\t\t\t\t\t\t\t\t\t \n\t\t\t\t\t\t\t\t\t\t\t<span class=\"wpr-table-text\">\n\t\t\t\t\t\t\t\t\t\t\t\tAnchois de l\u2019Escala, Suquet de Peix, Arros a la Cassola, Escudella, tapas, pintxos, fruits de mer grill\u00e9s, cr\u00e8me catalane\t\t\t\t\t\t\t\t\t\t\t<\/span>\n\t\t\t\t\t\t\t\t\t\t\t\t\t\t\t\t\t\t\t\t<\/span>\n\t\t\t\t\t\t\t\t\t\t\t\t\t\t\t\t\t\t\t\t\t\t\t\t\t\t\t\t\n\t\t\t\t\t\t\t\t<\/div>\n\n\t\t\t\t\t\t\t<\/td>\n\t\t\t\t\t\t\t\t\t\t\t\t<\/tr>\n\t\t\t        \t\t\t\t\t<tr class=\"wpr-table-body-row wpr-table-row elementor-repeater-item-f5a9514 wpr-odd\">\n\t\t\t\t\t\t\t\t\t\t\t\t\t\n\t\t\t\t\t\t\t<td colspan=\"\" rowspan=\"\" class=\"elementor-repeater-item-5b0ca24 wpr-table-td\">\n\n\t\t\t\t\t\t\t\t<div class=\"wpr-td-content-wrapper \">\n\n\t\t\t\t\t\t\t\t\t\t\t\t\t\t\t\t\t\t\t\t\t\t\t\t\t\t\t\t\t<span>\n\t\t\t\t\t\t\t\t\t \n\t\t\t\t\t\t\t\t\t\t\t<span class=\"wpr-table-text\">\n\t\t\t\t\t\t\t\t\t\t\t\tRandonn\u00e9es et Parc naturels\t\t\t\t\t\t\t\t\t\t\t<\/span>\n\t\t\t\t\t\t\t\t\t\t\t\t\t\t\t\t\t\t\t\t<\/span>\n\t\t\t\t\t\t\t\t\t\t\t\t\t\t\t\t\t\t\t\t\t\t\t\t\t\t\t\t\n\t\t\t\t\t\t\t\t<\/div>\n\n\t\t\t\t\t\t\t<\/td>\n\t\t\t\t\t\t\t\t\t\t\t\t\t\t\t\n\t\t\t\t\t\t\t<td colspan=\"\" rowspan=\"\" class=\"elementor-repeater-item-466ab61 wpr-table-td\">\n\n\t\t\t\t\t\t\t\t<div class=\"wpr-td-content-wrapper \">\n\n\t\t\t\t\t\t\t\t\t\t\t\t\t\t\t\t\t\t\t\t\t\t\t\t\t\t\t\t\t<span>\n\t\t\t\t\t\t\t\t\t \n\t\t\t\t\t\t\t\t\t\t\t<span class=\"wpr-table-text\">\n\t\t\t\t\t\t\t\t\t\t\t\tCam\u00ed de Ronda, Cap de Creus, Aiguamolls de l\u2019Empord\u00e0, Montgr\u00ed, \u00eeles Medes et Baix Ter\t\t\t\t\t\t\t\t\t\t\t<\/span>\n\t\t\t\t\t\t\t\t\t\t\t\t\t\t\t\t\t\t\t\t<\/span>\n\t\t\t\t\t\t\t\t\t\t\t\t\t\t\t\t\t\t\t\t\t\t\t\t\t\t\t\t\n\t\t\t\t\t\t\t\t<\/div>\n\n\t\t\t\t\t\t\t<\/td>\n\t\t\t\t\t\t\t\t\t\t\t\t<\/tr>\n\t\t\t        \t\t\t\t\t<tr class=\"wpr-table-body-row wpr-table-row elementor-repeater-item-a18bb3b wpr-even\">\n\t\t\t\t\t\t\t\t\t\t\t\t\t\n\t\t\t\t\t\t\t<td colspan=\"\" rowspan=\"\" class=\"elementor-repeater-item-dcd5df5 wpr-table-td\">\n\n\t\t\t\t\t\t\t\t<div class=\"wpr-td-content-wrapper \">\n\n\t\t\t\t\t\t\t\t\t\t\t\t\t\t\t\t\t\t\t\t\t\t\t\t\t\t\t\t\t<span>\n\t\t\t\t\t\t\t\t\t \n\t\t\t\t\t\t\t\t\t\t\t<span class=\"wpr-table-text\">\n\t\t\t\t\t\t\t\t\t\t\t\tPlages &amp; criques\n\n\t\t\t\t\t\t\t\t\t\t\t<\/span>\n\t\t\t\t\t\t\t\t\t\t\t\t\t\t\t\t\t\t\t\t<\/span>\n\t\t\t\t\t\t\t\t\t\t\t\t\t\t\t\t\t\t\t\t\t\t\t\t\t\t\t\t\n\t\t\t\t\t\t\t\t<\/div>\n\n\t\t\t\t\t\t\t<\/td>\n\t\t\t\t\t\t\t\t\t\t\t\t\t\t\t\n\t\t\t\t\t\t\t<td colspan=\"\" rowspan=\"\" class=\"elementor-repeater-item-cdffed1 wpr-table-td\">\n\n\t\t\t\t\t\t\t\t<div class=\"wpr-td-content-wrapper \">\n\n\t\t\t\t\t\t\t\t\t\t\t\t\t\t\t\t\t\t\t\t\t\t\t\t\t\t\t\t\t<span>\n\t\t\t\t\t\t\t\t\t \n\t\t\t\t\t\t\t\t\t\t\t<span class=\"wpr-table-text\">\n\t\t\t\t\t\t\t\t\t\t\t\tAiguablava, Cala Sa Tuna, Cala Estreta, Lloret de Mar, Platja d\u2019Aro, Tossa de Mar\n\t\t\t\t\t\t\t\t\t\t\t<\/span>\n\t\t\t\t\t\t\t\t\t\t\t\t\t\t\t\t\t\t\t\t<\/span>\n\t\t\t\t\t\t\t\t\t\t\t\t\t\t\t\t\t\t\t\t\t\t\t\t\t\t\t\t\n\t\t\t\t\t\t\t\t<\/div>\n\n\t\t\t\t\t\t\t<\/td>\n\t\t\t\t\t\t\t\t\t\t\t\t<\/tr>\n\t\t\t        \t\t\t\t\t<tr class=\"wpr-table-body-row wpr-table-row elementor-repeater-item-d188f42 wpr-odd\">\n\t\t\t\t\t\t\t\t\t\t\t\t\t\n\t\t\t\t\t\t\t<td colspan=\"\" rowspan=\"\" class=\"elementor-repeater-item-5607df2 wpr-table-td\">\n\n\t\t\t\t\t\t\t\t<div class=\"wpr-td-content-wrapper \">\n\n\t\t\t\t\t\t\t\t\t\t\t\t\t\t\t\t\t\t\t\t\t\t\t\t\t\t\t\t\t<span>\n\t\t\t\t\t\t\t\t\t \n\t\t\t\t\t\t\t\t\t\t\t<span class=\"wpr-table-text\">\n\t\t\t\t\t\t\t\t\t\t\t\tSports nautiques\n\n\t\t\t\t\t\t\t\t\t\t\t<\/span>\n\t\t\t\t\t\t\t\t\t\t\t\t\t\t\t\t\t\t\t\t<\/span>\n\t\t\t\t\t\t\t\t\t\t\t\t\t\t\t\t\t\t\t\t\t\t\t\t\t\t\t\t\n\t\t\t\t\t\t\t\t<\/div>\n\n\t\t\t\t\t\t\t<\/td>\n\t\t\t\t\t\t\t\t\t\t\t\t\t\t\t\n\t\t\t\t\t\t\t<td colspan=\"\" rowspan=\"\" class=\"elementor-repeater-item-c4804f7 wpr-table-td\">\n\n\t\t\t\t\t\t\t\t<div class=\"wpr-td-content-wrapper \">\n\n\t\t\t\t\t\t\t\t\t\t\t\t\t\t\t\t\t\t\t\t\t\t\t\t\t\t\t\t\t<span>\n\t\t\t\t\t\t\t\t\t \n\t\t\t\t\t\t\t\t\t\t\t<span class=\"wpr-table-text\">\n\t\t\t\t\t\t\t\t\t\t\t\tKayak, paddle, snorkeling, plong\u00e9e, jet ski, parachute ascensionnel\n\n\t\t\t\t\t\t\t\t\t\t\t<\/span>\n\t\t\t\t\t\t\t\t\t\t\t\t\t\t\t\t\t\t\t\t<\/span>\n\t\t\t\t\t\t\t\t\t\t\t\t\t\t\t\t\t\t\t\t\t\t\t\t\t\t\t\t\n\t\t\t\t\t\t\t\t<\/div>\n\n\t\t\t\t\t\t\t<\/td>\n\t\t\t\t\t\t\t\t\t\t\t\t<\/tr>\n\t\t\t        \t\t\t\t\t<tr class=\"wpr-table-body-row wpr-table-row elementor-repeater-item-ab1f35c wpr-even\">\n\t\t\t\t\t\t\t\t\t\t\t\t\t\n\t\t\t\t\t\t\t<td colspan=\"\" rowspan=\"\" class=\"elementor-repeater-item-74ab20f wpr-table-td\">\n\n\t\t\t\t\t\t\t\t<div class=\"wpr-td-content-wrapper \">\n\n\t\t\t\t\t\t\t\t\t\t\t\t\t\t\t\t\t\t\t\t\t\t\t\t\t\t\t\t\t<a href=\"https:\/\/royal-elementor-addons.com\/\" target=\"_blank\">\n\t\t\t\t\t\t\t\t\t \n\t\t\t\t\t\t\t\t\t\t\t<span class=\"wpr-table-text\">\n\t\t\t\t\t\t\t\t\t\t\t\tCulture &amp; Festivals\t\t\t\t\t\t\t\t\t\t\t<\/span>\n\t\t\t\t\t\t\t\t\t\t\t\t\t\t\t\t\t\t\t\t<\/a>\n\t\t\t\t\t\t\t\t\t\t\t\t\t\t\t\t\t\t\t\t\t\t\t\t\t\t\t\t\n\t\t\t\t\t\t\t\t<\/div>\n\n\t\t\t\t\t\t\t<\/td>\n\t\t\t\t\t\t\t\t\t\t\t\t\t\t\t\n\t\t\t\t\t\t\t<td colspan=\"\" rowspan=\"\" class=\"elementor-repeater-item-907570e wpr-table-td\">\n\n\t\t\t\t\t\t\t\t<div class=\"wpr-td-content-wrapper \">\n\n\t\t\t\t\t\t\t\t\t\t\t\t\t\t\t\t\t\t\t\t\t\t\t\t\t\t\t\t\t<a href=\"https:\/\/royal-elementor-addons.com\/\" target=\"_blank\">\n\t\t\t\t\t\t\t\t\t \n\t\t\t\t\t\t\t\t\t\t\t<span class=\"wpr-table-text\">\n\t\t\t\t\t\t\t\t\t\t\t\tTh\u00e9\u00e2tre-Mus\u00e9e Dal\u00ed, Maison-mus\u00e9e, Ch\u00e2teau Gala Dal\u00ed, Carnaval de Platja d\u2019Aro, Festival de Cap Roig, Festa Major de Blanes, Rumb(A) Palam\u00f3s, Mare de D\u00e9u del Carme \u00e0 Palam\u00f3s...\n\n\t\t\t\t\t\t\t\t\t\t\t<\/span>\n\t\t\t\t\t\t\t\t\t\t\t\t\t\t\t\t\t\t\t\t<\/a>\n\t\t\t\t\t\t\t\t\t\t\t\t\t\t\t\t\t\t\t\t\t\t\t\t\t\t\t\t\n\t\t\t\t\t\t\t\t<\/div>\n\n\t\t\t\t\t\t\t<\/td>\n\t\t\t\t\t\t\t\t\t\t\t\t<\/tr>\n\t\t\t        \t\t\t\t<\/tbody>\n\t\t\t<\/table>\n\t\t<\/div>\n\t\t<\/div>\n    \t\t\t\t\t<\/div>\n\t\t\t\t<\/div>\n\t\t\t\t\t<\/div>\n\t\t\t\t<\/div>\n\t\t<div class=\"elementor-element elementor-element-198ab3d e-flex e-con-boxed wpr-particle-no wpr-jarallax-no wpr-parallax-no wpr-sticky-section-no wpr-equal-height-no e-con e-parent\" data-id=\"198ab3d\" data-element_type=\"container\" data-e-type=\"container\">\n\t\t\t\t\t<div class=\"e-con-inner\">\n\t\t<div class=\"elementor-element elementor-element-01f8529 e-con-full e-flex wpr-particle-no wpr-jarallax-no wpr-parallax-no wpr-sticky-section-no wpr-equal-height-no e-con e-child\" data-id=\"01f8529\" data-element_type=\"container\" data-e-type=\"container\" data-settings=\"{&quot;background_background&quot;:&quot;classic&quot;}\">\n\t\t\t\t<div class=\"elementor-element elementor-element-2c65d26 wpr-author-box-arrange-left elementor-widget elementor-widget-wpr-author-box\" data-id=\"2c65d26\" data-element_type=\"widget\" data-e-type=\"widget\" data-widget_type=\"wpr-author-box.default\">\n\t\t\t\t<div class=\"elementor-widget-container\">\n\t\t\t\t\t<div class=\"wpr-author-box\"><div class=\"wpr-author-box-image\"><a href=\"https:\/\/www.hispanoa.com\/actualite\/author\/maellie\/\" target=\"_self\"><img alt='' src='https:\/\/secure.gravatar.com\/avatar\/ea39218d5e8bcc42c85090fb70ad24e9?s=264&#038;d=mm&#038;r=g' class='avatar avatar-264 photo' height='264' width='264' \/><\/a><\/div><div class=\"wpr-author-box-text\"><P class=\"wpr-author-box-name\"><a href=\"https:\/\/www.hispanoa.com\/actualite\/author\/maellie\/\" target=\"_self\">Ma\u00ebllie<\/a><\/P><P class=\"wpr-author-box-title\"><a href=\"https:\/\/www.hispanoa.com\/actualite\/author\/maellie\/\" target=\"_self\">R\u00e9dacteur Hispanoa<\/a><\/P><\/div><\/div>\t\t\t\t<\/div>\n\t\t\t\t<\/div>\n\t\t\t\t<\/div>\n\t\t\t\t\t<\/div>\n\t\t\t\t<\/div>\n\t\t<div class=\"elementor-element elementor-element-8ffdc9e e-flex e-con-boxed wpr-particle-no wpr-jarallax-no wpr-parallax-no wpr-sticky-section-no wpr-equal-height-no e-con e-parent\" data-id=\"8ffdc9e\" data-element_type=\"container\" data-e-type=\"container\">\n\t\t\t\t\t<div class=\"e-con-inner\">\n\t\t\t\t<div class=\"elementor-element elementor-element-987ace8 wpr-stt-btn-align-fixed wpr-stt-btn-align-fixed-right elementor-widget elementor-widget-wpr-back-to-top\" data-id=\"987ace8\" data-element_type=\"widget\" data-e-type=\"widget\" data-widget_type=\"wpr-back-to-top.default\">\n\t\t\t\t<div class=\"elementor-widget-container\">\n\t\t\t\t\t<div class=\"wpr-stt-wrapper\"><div class='wpr-stt-btn' data-settings='{&quot;animation&quot;:&quot;fade&quot;,&quot;animationOffset&quot;:&quot;6&quot;,&quot;animationDuration&quot;:&quot;80&quot;,&quot;fixed&quot;:&quot;fixed&quot;,&quot;scrolAnim&quot;:&quot;800&quot;}'><span class=\"wpr-stt-icon\"><svg class=\"e-font-icon-svg e-fas-chevron-up\" viewBox=\"0 0 448 512\" xmlns=\"http:\/\/www.w3.org\/2000\/svg\"><path d=\"M240.971 130.524l194.343 194.343c9.373 9.373 9.373 24.569 0 33.941l-22.667 22.667c-9.357 9.357-24.522 9.375-33.901.04L224 227.495 69.255 381.516c-9.379 9.335-24.544 9.317-33.901-.04l-22.667-22.667c-9.373-9.373-9.373-24.569 0-33.941L207.03 130.525c9.372-9.373 24.568-9.373 33.941-.001z\"><\/path><\/svg><\/span><\/div><\/div>\t\t\t\t<\/div>\n\t\t\t\t<\/div>\n\t\t\t\t\t<\/div>\n\t\t\t\t<\/div>\n\t\t<div class=\"elementor-element elementor-element-008a9e3 e-flex e-con-boxed wpr-particle-no wpr-jarallax-no wpr-parallax-no wpr-sticky-section-no wpr-equal-height-no e-con e-parent\" data-id=\"008a9e3\" data-element_type=\"container\" data-e-type=\"container\">\n\t\t\t\t\t<div class=\"e-con-inner\">\n\t\t\t\t<div class=\"elementor-element elementor-element-baeb187 elementor-widget elementor-widget-wpr-reading-progress-bar\" data-id=\"baeb187\" data-element_type=\"widget\" data-e-type=\"widget\" data-widget_type=\"wpr-reading-progress-bar.default\">\n\t\t\t\t<div class=\"elementor-widget-container\">\n\t\t\t\t\t<div class=\"wpr-reading-progress-bar-container\" data-background-type=\"transparent\"><div class=\"wpr-reading-progress-bar\"><\/div><\/div>\t\t\t\t<\/div>\n\t\t\t\t<\/div>\n\t\t\t\t\t<\/div>\n\t\t\t\t<\/div>\n\t\t\t\t<\/div>\n\t\t","protected":false},"excerpt":{"rendered":"<p>Sommaire Sillonner les villages m\u00e9di\u00e9vaux Savourer la gastronomie locale Parcourir le mythique Chemin de Ronde Se reconnecter \u00e0 la nature L\u00e9zarder sur les plus belles plages de la Costa Brava<\/p>\n","protected":false},"author":12,"featured_media":7524,"comment_status":"closed","ping_status":"closed","sticky":false,"template":"elementor_theme","format":"standard","meta":{"_seopress_robots_primary_cat":"","_seopress_titles_title":"%%post_title%% | %%sitetitle%% Visiter Costa Brava","_seopress_titles_desc":"%%post_excerpt%% Entre criques secr\u00e8tes, villages m\u00e9di\u00e9vaux et cuisine savoureuse, la Costa Brava vous promet une escapade inoubliable entre nature, culture et soleil.","_seopress_robots_index":"","ocean_post_layout":"","ocean_both_sidebars_style":"","ocean_both_sidebars_content_width":0,"ocean_both_sidebars_sidebars_width":0,"ocean_sidebar":"0","ocean_second_sidebar":"0","ocean_disable_margins":"enable","ocean_add_body_class":"","ocean_shortcode_before_top_bar":"","ocean_shortcode_after_top_bar":"","ocean_shortcode_before_header":"","ocean_shortcode_after_header":"","ocean_has_shortcode":"","ocean_shortcode_after_title":"","ocean_shortcode_before_footer_widgets":"","ocean_shortcode_after_footer_widgets":"","ocean_shortcode_before_footer_bottom":"","ocean_shortcode_after_footer_bottom":"","ocean_display_top_bar":"default","ocean_display_header":"default","ocean_header_style":"","ocean_center_header_left_menu":"0","ocean_custom_header_template":"0","ocean_custom_logo":0,"ocean_custom_retina_logo":0,"ocean_custom_logo_max_width":0,"ocean_custom_logo_tablet_max_width":0,"ocean_custom_logo_mobile_max_width":0,"ocean_custom_logo_max_height":0,"ocean_custom_logo_tablet_max_height":0,"ocean_custom_logo_mobile_max_height":0,"ocean_header_custom_menu":"0","ocean_menu_typo_font_family":"0","ocean_menu_typo_font_subset":"","ocean_menu_typo_font_size":0,"ocean_menu_typo_font_size_tablet":0,"ocean_menu_typo_font_size_mobile":0,"ocean_menu_typo_font_size_unit":"px","ocean_menu_typo_font_weight":"","ocean_menu_typo_font_weight_tablet":"","ocean_menu_typo_font_weight_mobile":"","ocean_menu_typo_transform":"","ocean_menu_typo_transform_tablet":"","ocean_menu_typo_transform_mobile":"","ocean_menu_typo_line_height":0,"ocean_menu_typo_line_height_tablet":0,"ocean_menu_typo_line_height_mobile":0,"ocean_menu_typo_line_height_unit":"","ocean_menu_typo_spacing":0,"ocean_menu_typo_spacing_tablet":0,"ocean_menu_typo_spacing_mobile":0,"ocean_menu_typo_spacing_unit":"","ocean_menu_link_color":"","ocean_menu_link_color_hover":"","ocean_menu_link_color_active":"","ocean_menu_link_background":"","ocean_menu_link_hover_background":"","ocean_menu_link_active_background":"","ocean_menu_social_links_bg":"","ocean_menu_social_hover_links_bg":"","ocean_menu_social_links_color":"","ocean_menu_social_hover_links_color":"","ocean_disable_title":"default","ocean_disable_heading":"default","ocean_post_title":"","ocean_post_subheading":"","ocean_post_title_style":"","ocean_post_title_background_color":"","ocean_post_title_background":0,"ocean_post_title_bg_image_position":"","ocean_post_title_bg_image_attachment":"","ocean_post_title_bg_image_repeat":"","ocean_post_title_bg_image_size":"","ocean_post_title_height":0,"ocean_post_title_bg_overlay":0.5,"ocean_post_title_bg_overlay_color":"","ocean_disable_breadcrumbs":"default","ocean_breadcrumbs_color":"","ocean_breadcrumbs_separator_color":"","ocean_breadcrumbs_links_color":"","ocean_breadcrumbs_links_hover_color":"","ocean_display_footer_widgets":"default","ocean_display_footer_bottom":"default","ocean_custom_footer_template":"0","ocean_post_oembed":"","ocean_post_self_hosted_media":"","ocean_post_video_embed":"","ocean_link_format":"","ocean_link_format_target":"self","ocean_quote_format":"","ocean_quote_format_link":"post","ocean_gallery_link_images":"on","ocean_gallery_id":[],"footnotes":""},"categories":[562],"tags":[],"class_list":["post-7521","post","type-post","status-publish","format-standard","has-post-thumbnail","hentry","category-costa-brava","entry","has-media"],"_links":{"self":[{"href":"https:\/\/www.hispanoa.com\/actualite\/wp-json\/wp\/v2\/posts\/7521","targetHints":{"allow":["GET"]}}],"collection":[{"href":"https:\/\/www.hispanoa.com\/actualite\/wp-json\/wp\/v2\/posts"}],"about":[{"href":"https:\/\/www.hispanoa.com\/actualite\/wp-json\/wp\/v2\/types\/post"}],"author":[{"embeddable":true,"href":"https:\/\/www.hispanoa.com\/actualite\/wp-json\/wp\/v2\/users\/12"}],"replies":[{"embeddable":true,"href":"https:\/\/www.hispanoa.com\/actualite\/wp-json\/wp\/v2\/comments?post=7521"}],"version-history":[{"count":23,"href":"https:\/\/www.hispanoa.com\/actualite\/wp-json\/wp\/v2\/posts\/7521\/revisions"}],"predecessor-version":[{"id":8388,"href":"https:\/\/www.hispanoa.com\/actualite\/wp-json\/wp\/v2\/posts\/7521\/revisions\/8388"}],"wp:featuredmedia":[{"embeddable":true,"href":"https:\/\/www.hispanoa.com\/actualite\/wp-json\/wp\/v2\/media\/7524"}],"wp:attachment":[{"href":"https:\/\/www.hispanoa.com\/actualite\/wp-json\/wp\/v2\/media?parent=7521"}],"wp:term":[{"taxonomy":"category","embeddable":true,"href":"https:\/\/www.hispanoa.com\/actualite\/wp-json\/wp\/v2\/categories?post=7521"},{"taxonomy":"post_tag","embeddable":true,"href":"https:\/\/www.hispanoa.com\/actualite\/wp-json\/wp\/v2\/tags?post=7521"}],"curies":[{"name":"wp","href":"https:\/\/api.w.org\/{rel}","templated":true}]}}