{"id":8652,"date":"2025-08-22T09:03:59","date_gmt":"2025-08-22T08:03:59","guid":{"rendered":"https:\/\/www.hispanoa.com\/actualite\/?p=8652"},"modified":"2025-08-22T09:18:36","modified_gmt":"2025-08-22T08:18:36","slug":"sejour-sur-la-costa-brava-6-activites-a-faire-a-rosas","status":"publish","type":"post","link":"https:\/\/www.hispanoa.com\/actualite\/sejour-sur-la-costa-brava-6-activites-a-faire-a-rosas\/","title":{"rendered":"S\u00e9jour sur la Costa Brava : 6 activit\u00e9s \u00e0 faire \u00e0 Rosas"},"content":{"rendered":"\t\t<div data-elementor-type=\"wp-post\" data-elementor-id=\"8652\" class=\"elementor elementor-8652\">\n\t\t\t\t<div class=\"elementor-element elementor-element-566def8 e-con-full e-flex wpr-particle-no wpr-jarallax-no wpr-parallax-no wpr-sticky-section-no wpr-equal-height-no e-con e-parent\" data-id=\"566def8\" data-element_type=\"container\" data-e-type=\"container\">\n\t\t<div class=\"elementor-element elementor-element-f8ed641 e-con-full e-flex wpr-particle-no wpr-jarallax-no wpr-parallax-no wpr-sticky-section-no wpr-equal-height-no e-con e-child\" data-id=\"f8ed641\" data-element_type=\"container\" data-e-type=\"container\">\n\t\t\t\t<div class=\"elementor-element elementor-element-264d331 elementor-widget__width-initial elementor-widget elementor-widget-shortcode\" data-id=\"264d331\" data-element_type=\"widget\" data-e-type=\"widget\" data-widget_type=\"shortcode.default\">\n\t\t\t\t<div class=\"elementor-widget-container\">\n\t\t\t\t\t\t\t<div class=\"elementor-shortcode\"><div class=\"custom-breadcrumbs-wrapper\"><nav class=\"custom-breadcrumbs\"><nav role=\"navigation\" aria-label=\"Fil d\u2019Ariane\" class=\"site-breadcrumbs clr position-under-title\"><ol class=\"trail-items\" ><meta name=\"numberOfItems\" content=\"1\" \/><meta name=\"itemListOrder\" content=\"Ascending\" \/><li class=\"trail-item trail-end\" ><span itemprop=\"name\"><a href=\"https:\/\/www.hispanoa.com\/actualite\" rel=\"home\" aria-label=\"Accueil\"><i class=\" icon-home\" aria-hidden=\"true\" role=\"img\"><\/i><span class=\"breadcrumb-home has-icon\">Accueil<\/span><\/a><\/span><meta itemprop=\"position\" content=\"1\" \/><\/li><\/ol><\/nav><\/nav><\/div><\/div>\n\t\t\t\t\t\t<\/div>\n\t\t\t\t<\/div>\n\t\t\t\t<\/div>\n\t\t\t\t<\/div>\n\t\t<div class=\"elementor-element elementor-element-99f81f0 e-flex e-con-boxed wpr-particle-no wpr-jarallax-no wpr-parallax-no wpr-sticky-section-no wpr-equal-height-no e-con e-parent\" data-id=\"99f81f0\" data-element_type=\"container\" data-e-type=\"container\">\n\t\t\t\t\t<div class=\"e-con-inner\">\n\t\t<div class=\"elementor-element elementor-element-bb6bbb3 e-con-full e-flex wpr-particle-no wpr-jarallax-no wpr-parallax-no wpr-sticky-section-no wpr-equal-height-no e-con e-child\" data-id=\"bb6bbb3\" data-element_type=\"container\" data-e-type=\"container\" data-settings=\"{&quot;background_background&quot;:&quot;classic&quot;}\">\n\t\t\t\t<div class=\"elementor-element elementor-element-72e25ca elementor-widget elementor-widget-heading\" data-id=\"72e25ca\" data-element_type=\"widget\" data-e-type=\"widget\" data-widget_type=\"heading.default\">\n\t\t\t\t<div class=\"elementor-widget-container\">\n\t\t\t\t\t<h2 class=\"elementor-heading-title elementor-size-default\">Sommaire<\/h2>\t\t\t\t<\/div>\n\t\t\t\t<\/div>\n\t\t\t\t<div class=\"elementor-element elementor-element-90e61ab elementor-align-start elementor-icon-list--layout-traditional elementor-list-item-link-full_width elementor-widget elementor-widget-icon-list\" data-id=\"90e61ab\" data-element_type=\"widget\" data-e-type=\"widget\" data-widget_type=\"icon-list.default\">\n\t\t\t\t<div class=\"elementor-widget-container\">\n\t\t\t\t\t\t\t<ul class=\"elementor-icon-list-items\">\n\t\t\t\t\t\t\t<li class=\"elementor-icon-list-item\">\n\t\t\t\t\t\t\t\t\t\t\t<a href=\"#titre1\">\n\n\t\t\t\t\t\t\t\t\t\t\t\t<span class=\"elementor-icon-list-icon\">\n\t\t\t\t\t\t\t<svg aria-hidden=\"true\" class=\"e-font-icon-svg e-fas-dot-circle\" viewBox=\"0 0 512 512\" xmlns=\"http:\/\/www.w3.org\/2000\/svg\"><path d=\"M256 8C119.033 8 8 119.033 8 256s111.033 248 248 248 248-111.033 248-248S392.967 8 256 8zm80 248c0 44.112-35.888 80-80 80s-80-35.888-80-80 35.888-80 80-80 80 35.888 80 80z\"><\/path><\/svg>\t\t\t\t\t\t<\/span>\n\t\t\t\t\t\t\t\t\t\t<span class=\"elementor-icon-list-text\">L\u2019essentiel des activit\u00e9s \u00e0 faire \u00e0 Rosas<\/span>\n\t\t\t\t\t\t\t\t\t\t\t<\/a>\n\t\t\t\t\t\t\t\t\t<\/li>\n\t\t\t\t\t\t\t\t<li class=\"elementor-icon-list-item\">\n\t\t\t\t\t\t\t\t\t\t\t<a href=\"#titre2\">\n\n\t\t\t\t\t\t\t\t\t\t\t\t<span class=\"elementor-icon-list-icon\">\n\t\t\t\t\t\t\t<svg aria-hidden=\"true\" class=\"e-font-icon-svg e-fas-dot-circle\" viewBox=\"0 0 512 512\" xmlns=\"http:\/\/www.w3.org\/2000\/svg\"><path d=\"M256 8C119.033 8 8 119.033 8 256s111.033 248 248 248 248-111.033 248-248S392.967 8 256 8zm80 248c0 44.112-35.888 80-80 80s-80-35.888-80-80 35.888-80 80-80 80 35.888 80 80z\"><\/path><\/svg>\t\t\t\t\t\t<\/span>\n\t\t\t\t\t\t\t\t\t\t<span class=\"elementor-icon-list-text\">Plages de Rosas : une journ\u00e9e farniente sous le soleil de l\u2019Espagne<\/span>\n\t\t\t\t\t\t\t\t\t\t\t<\/a>\n\t\t\t\t\t\t\t\t\t<\/li>\n\t\t\t\t\t\t\t\t<li class=\"elementor-icon-list-item\">\n\t\t\t\t\t\t\t\t\t\t\t<a href=\"#titre3\">\n\n\t\t\t\t\t\t\t\t\t\t\t\t<span class=\"elementor-icon-list-icon\">\n\t\t\t\t\t\t\t<svg aria-hidden=\"true\" class=\"e-font-icon-svg e-fas-dot-circle\" viewBox=\"0 0 512 512\" xmlns=\"http:\/\/www.w3.org\/2000\/svg\"><path d=\"M256 8C119.033 8 8 119.033 8 256s111.033 248 248 248 248-111.033 248-248S392.967 8 256 8zm80 248c0 44.112-35.888 80-80 80s-80-35.888-80-80 35.888-80 80-80 80 35.888 80 80z\"><\/path><\/svg>\t\t\t\t\t\t<\/span>\n\t\t\t\t\t\t\t\t\t\t<span class=\"elementor-icon-list-text\">Le Cap de Creus : le plein d\u2019activit\u00e9s aquatiques depuis Rosas !<\/span>\n\t\t\t\t\t\t\t\t\t\t\t<\/a>\n\t\t\t\t\t\t\t\t\t<\/li>\n\t\t\t\t\t\t\t\t<li class=\"elementor-icon-list-item\">\n\t\t\t\t\t\t\t\t\t\t\t<a href=\"#titre4\">\n\n\t\t\t\t\t\t\t\t\t\t\t\t<span class=\"elementor-icon-list-icon\">\n\t\t\t\t\t\t\t<svg aria-hidden=\"true\" class=\"e-font-icon-svg e-fas-dot-circle\" viewBox=\"0 0 512 512\" xmlns=\"http:\/\/www.w3.org\/2000\/svg\"><path d=\"M256 8C119.033 8 8 119.033 8 256s111.033 248 248 248 248-111.033 248-248S392.967 8 256 8zm80 248c0 44.112-35.888 80-80 80s-80-35.888-80-80 35.888-80 80-80 80 35.888 80 80z\"><\/path><\/svg>\t\t\t\t\t\t<\/span>\n\t\t\t\t\t\t\t\t\t\t<span class=\"elementor-icon-list-text\">Randonn\u00e9es \u00e0 Rosas : d\u00e9couvertes et panoramas enchanteurs<\/span>\n\t\t\t\t\t\t\t\t\t\t\t<\/a>\n\t\t\t\t\t\t\t\t\t<\/li>\n\t\t\t\t\t\t\t\t<li class=\"elementor-icon-list-item\">\n\t\t\t\t\t\t\t\t\t\t\t<a href=\"#titre5\">\n\n\t\t\t\t\t\t\t\t\t\t\t\t<span class=\"elementor-icon-list-icon\">\n\t\t\t\t\t\t\t<svg aria-hidden=\"true\" class=\"e-font-icon-svg e-fas-dot-circle\" viewBox=\"0 0 512 512\" xmlns=\"http:\/\/www.w3.org\/2000\/svg\"><path d=\"M256 8C119.033 8 8 119.033 8 256s111.033 248 248 248 248-111.033 248-248S392.967 8 256 8zm80 248c0 44.112-35.888 80-80 80s-80-35.888-80-80 35.888-80 80-80 80 35.888 80 80z\"><\/path><\/svg>\t\t\t\t\t\t<\/span>\n\t\t\t\t\t\t\t\t\t\t<span class=\"elementor-icon-list-text\">March\u00e9s de Rosas : plongez dans l'\u00e2me catalane !<\/span>\n\t\t\t\t\t\t\t\t\t\t\t<\/a>\n\t\t\t\t\t\t\t\t\t<\/li>\n\t\t\t\t\t\t\t\t<li class=\"elementor-icon-list-item\">\n\t\t\t\t\t\t\t\t\t\t\t<a href=\"#titre6\">\n\n\t\t\t\t\t\t\t\t\t\t\t\t<span class=\"elementor-icon-list-icon\">\n\t\t\t\t\t\t\t<svg aria-hidden=\"true\" class=\"e-font-icon-svg e-fas-dot-circle\" viewBox=\"0 0 512 512\" xmlns=\"http:\/\/www.w3.org\/2000\/svg\"><path d=\"M256 8C119.033 8 8 119.033 8 256s111.033 248 248 248 248-111.033 248-248S392.967 8 256 8zm80 248c0 44.112-35.888 80-80 80s-80-35.888-80-80 35.888-80 80-80 80 35.888 80 80z\"><\/path><\/svg>\t\t\t\t\t\t<\/span>\n\t\t\t\t\t\t\t\t\t\t<span class=\"elementor-icon-list-text\">Culture : visitez les sites historiques de Rosas<\/span>\n\t\t\t\t\t\t\t\t\t\t\t<\/a>\n\t\t\t\t\t\t\t\t\t<\/li>\n\t\t\t\t\t\t\t\t<li class=\"elementor-icon-list-item\">\n\t\t\t\t\t\t\t\t\t\t\t<a href=\"#titre7\">\n\n\t\t\t\t\t\t\t\t\t\t\t\t<span class=\"elementor-icon-list-icon\">\n\t\t\t\t\t\t\t<svg aria-hidden=\"true\" class=\"e-font-icon-svg e-fas-dot-circle\" viewBox=\"0 0 512 512\" xmlns=\"http:\/\/www.w3.org\/2000\/svg\"><path d=\"M256 8C119.033 8 8 119.033 8 256s111.033 248 248 248 248-111.033 248-248S392.967 8 256 8zm80 248c0 44.112-35.888 80-80 80s-80-35.888-80-80 35.888-80 80-80 80 35.888 80 80z\"><\/path><\/svg>\t\t\t\t\t\t<\/span>\n\t\t\t\t\t\t\t\t\t\t<span class=\"elementor-icon-list-text\">Gastronomie locale : exp\u00e9rimentez une explosion de saveurs m\u00e9diterran\u00e9ennes !<\/span>\n\t\t\t\t\t\t\t\t\t\t\t<\/a>\n\t\t\t\t\t\t\t\t\t<\/li>\n\t\t\t\t\t\t<\/ul>\n\t\t\t\t\t\t<\/div>\n\t\t\t\t<\/div>\n\t\t\t\t<\/div>\n\t\t<div class=\"elementor-element elementor-element-54d9496 e-con-full e-flex wpr-particle-no wpr-jarallax-no wpr-parallax-no wpr-sticky-section-no wpr-equal-height-no e-con e-child\" data-id=\"54d9496\" data-element_type=\"container\" data-e-type=\"container\">\n\t\t\t\t<div class=\"elementor-element elementor-element-d7e3ca2 elementor-widget elementor-widget-text-editor\" data-id=\"d7e3ca2\" data-element_type=\"widget\" data-e-type=\"widget\" data-widget_type=\"text-editor.default\">\n\t\t\t\t<div class=\"elementor-widget-container\">\n\t\t\t\t\t\t\t\t\t<p>La <strong>Costa Brava<\/strong> et ses charmantes villes regorgent d&#8217;atouts. La culture locale et un cadre naturel sublime vous promettent des <strong>activit\u00e9s \u00e0 Rosas<\/strong> vari\u00e9es. En plus, chacun de vos programmes se d\u00e9roulera dans une ambiance conviviale. Vous avez envie de mettre le cap sur <strong>Roses<\/strong> ? R\u00e9servez une <a href=\"https:\/\/www.hispanoa.com\/fr\/\"><span style=\"text-decoration: underline;\">location en Espagne<\/span><\/a> avec <strong>Hispanoa<\/strong>, et d\u00e9couvrez nos suggestions d\u2019<strong>activit\u00e9s \u00e0 Rosas<\/strong> !<\/p>\t\t\t\t\t\t\t\t<\/div>\n\t\t\t\t<\/div>\n\t\t\t\t<\/div>\n\t\t\t\t\t<\/div>\n\t\t\t\t<\/div>\n\t\t<div class=\"elementor-element elementor-element-700fc0c e-flex e-con-boxed wpr-particle-no wpr-jarallax-no wpr-parallax-no wpr-sticky-section-no wpr-equal-height-no e-con e-parent\" data-id=\"700fc0c\" data-element_type=\"container\" data-e-type=\"container\">\n\t\t\t\t\t<div class=\"e-con-inner\">\n\t\t\t\t<div class=\"elementor-element elementor-element-192a2b1 elementor-widget-divider--view-line elementor-widget elementor-widget-divider\" data-id=\"192a2b1\" data-element_type=\"widget\" data-e-type=\"widget\" id=\"titre1\" data-widget_type=\"divider.default\">\n\t\t\t\t<div class=\"elementor-widget-container\">\n\t\t\t\t\t\t\t<div class=\"elementor-divider\">\n\t\t\t<span class=\"elementor-divider-separator\">\n\t\t\t\t\t\t<\/span>\n\t\t<\/div>\n\t\t\t\t\t\t<\/div>\n\t\t\t\t<\/div>\n\t\t\t\t<div class=\"elementor-element elementor-element-4260845 elementor-widget elementor-widget-heading\" data-id=\"4260845\" data-element_type=\"widget\" data-e-type=\"widget\" data-widget_type=\"heading.default\">\n\t\t\t\t<div class=\"elementor-widget-container\">\n\t\t\t\t\t<h2 class=\"elementor-heading-title elementor-size-default\">L\u2019essentiel des activit\u00e9s \u00e0 faire \u00e0 Rosas<\/h2>\t\t\t\t<\/div>\n\t\t\t\t<\/div>\n\t\t\t\t<div class=\"elementor-element elementor-element-eed1476 elementor-widget elementor-widget-text-editor\" data-id=\"eed1476\" data-element_type=\"widget\" data-e-type=\"widget\" data-widget_type=\"text-editor.default\">\n\t\t\t\t<div class=\"elementor-widget-container\">\n\t\t\t\t\t\t\t\t\t<ul><li><strong>Profiter des plages<\/strong> : farniente \u00e0 La Punta, baignade \u00e0 Canyelles Petites, calme \u00e0 la Cala Murtra.<\/li><li><strong>Pratiquer des activit\u00e9s nautiques au Cap de Creus<\/strong> : kayak, paddle, plong\u00e9e et d\u00e9couverte des grottes marines.<\/li><li><strong>Faire une randonn\u00e9e au c\u0153ur de la nature<\/strong> : sentiers c\u00f4tiers avec vue sur la mer, notamment le Cam\u00ed de Ronda.<\/li><li><strong>Visiter les march\u00e9s<\/strong> : ambiance catalane et produits locaux au march\u00e9 hebdomadaire du dimanche.<\/li><li><strong>D\u00e9couvrir le patrimoine historique<\/strong> : Citadelle, Ch\u00e2teau de la Trinit\u00e9, et site m\u00e9galithique de Rosas.<\/li><li><strong>Go\u00fbter \u00e0 la gastronomie locale<\/strong> : paella, fideu\u00e1, tapas, crevettes de Palam\u00f3s et cr\u00e8me catalane.<\/li><\/ul>\t\t\t\t\t\t\t\t<\/div>\n\t\t\t\t<\/div>\n\t\t\t\t\t<\/div>\n\t\t\t\t<\/div>\n\t\t<div class=\"elementor-element elementor-element-c7a4df3 e-flex e-con-boxed wpr-particle-no wpr-jarallax-no wpr-parallax-no wpr-sticky-section-no wpr-equal-height-no e-con e-parent\" data-id=\"c7a4df3\" data-element_type=\"container\" data-e-type=\"container\">\n\t\t\t\t\t<div class=\"e-con-inner\">\n\t\t\t\t<div class=\"elementor-element elementor-element-4077c41 elementor-widget-divider--view-line elementor-widget elementor-widget-divider\" data-id=\"4077c41\" data-element_type=\"widget\" data-e-type=\"widget\" id=\"titre2\" data-widget_type=\"divider.default\">\n\t\t\t\t<div class=\"elementor-widget-container\">\n\t\t\t\t\t\t\t<div class=\"elementor-divider\">\n\t\t\t<span class=\"elementor-divider-separator\">\n\t\t\t\t\t\t<\/span>\n\t\t<\/div>\n\t\t\t\t\t\t<\/div>\n\t\t\t\t<\/div>\n\t\t\t\t<div class=\"elementor-element elementor-element-dc5500b elementor-widget elementor-widget-heading\" data-id=\"dc5500b\" data-element_type=\"widget\" data-e-type=\"widget\" data-widget_type=\"heading.default\">\n\t\t\t\t<div class=\"elementor-widget-container\">\n\t\t\t\t\t<h2 class=\"elementor-heading-title elementor-size-default\">Plages de Rosas : une journ\u00e9e farniente sous le soleil de l\u2019Espagne<\/h2>\t\t\t\t<\/div>\n\t\t\t\t<\/div>\n\t\t\t\t<div class=\"elementor-element elementor-element-e15f5cf elementor-widget elementor-widget-text-editor\" data-id=\"e15f5cf\" data-element_type=\"widget\" data-e-type=\"widget\" data-widget_type=\"text-editor.default\">\n\t\t\t\t<div class=\"elementor-widget-container\">\n\t\t\t\t\t\t\t\t\t<p>Profitez d&#8217;une journ\u00e9e de farniente sous le soleil de l\u2019Espagne gr\u00e2ce aux nombreuses <strong>plages de Rosas<\/strong> ! La <strong>Plage de la Punta<\/strong>, avec ses 550 m\u00e8tres de sable fin, est parfaite pour les familles. Ses eaux peu profondes et une aire de jeux pour enfants la rendent id\u00e9ale. La <strong>plage La Nova<\/strong> est aussi une excellente option. C&#8217;est une grande plage urbaine avec vue sur <strong>la baie de Rosas<\/strong>. Elle est bord\u00e9e par la jet\u00e9e de Riera Ginjolers et le Rec d&#8217;en Forquilla.<\/p><p>Vous cherchez des <strong>activit\u00e9s \u00e0 faire \u00e0 Rosas<\/strong> pour une journ\u00e9e tr\u00e8s tranquille ? Pensez \u00e0 <strong>Canyelles Petites<\/strong>. Entour\u00e9e par une montagne sertie de maisons, cette plage est prot\u00e9g\u00e9e des vents. Les restaurants en bord de mer rendent ce spot encore plus agr\u00e9able. Enfin, la <strong>Cala Murtra<\/strong>, \u00e0 10 km de la ville de Roses, est une crique de galets sauvage et paisible. Ses eaux aux couleurs paradisiaques et la pr\u00e9sence d&#8217;\u00e2nes ou de ch\u00e8vres ajoutent une touche insolite au d\u00e9cor !<\/p>\t\t\t\t\t\t\t\t<\/div>\n\t\t\t\t<\/div>\n\t\t\t\t<div class=\"elementor-element elementor-element-90b2db5 elementor-widget elementor-widget-image\" data-id=\"90b2db5\" data-element_type=\"widget\" data-e-type=\"widget\" data-widget_type=\"image.default\">\n\t\t\t\t<div class=\"elementor-widget-container\">\n\t\t\t\t\t\t\t\t\t\t\t\t\t\t\t<img fetchpriority=\"high\" decoding=\"async\" width=\"1024\" height=\"474\" src=\"https:\/\/www.hispanoa.com\/actualite\/wp-content\/uploads\/2025\/08\/Plage-Rosas-1024x474.jpg\" class=\"attachment-large size-large wp-image-8730\" alt=\"Plage-Rosas\" srcset=\"https:\/\/www.hispanoa.com\/actualite\/wp-content\/uploads\/2025\/08\/Plage-Rosas-1024x474.jpg 1024w, https:\/\/www.hispanoa.com\/actualite\/wp-content\/uploads\/2025\/08\/Plage-Rosas-290x134.jpg 290w, https:\/\/www.hispanoa.com\/actualite\/wp-content\/uploads\/2025\/08\/Plage-Rosas-768x356.jpg 768w, https:\/\/www.hispanoa.com\/actualite\/wp-content\/uploads\/2025\/08\/Plage-Rosas.avif 1080w\" sizes=\"(max-width: 1024px) 100vw, 1024px\" \/>\t\t\t\t\t\t\t\t\t\t\t\t\t\t\t<\/div>\n\t\t\t\t<\/div>\n\t\t\t\t\t<\/div>\n\t\t\t\t<\/div>\n\t\t<div class=\"elementor-element elementor-element-0091b82 e-flex e-con-boxed wpr-particle-no wpr-jarallax-no wpr-parallax-no wpr-sticky-section-no wpr-equal-height-no e-con e-parent\" data-id=\"0091b82\" data-element_type=\"container\" data-e-type=\"container\">\n\t\t\t\t\t<div class=\"e-con-inner\">\n\t\t\t\t<div class=\"elementor-element elementor-element-336703b elementor-widget-divider--view-line elementor-widget elementor-widget-divider\" data-id=\"336703b\" data-element_type=\"widget\" data-e-type=\"widget\" id=\"titre3\" data-widget_type=\"divider.default\">\n\t\t\t\t<div class=\"elementor-widget-container\">\n\t\t\t\t\t\t\t<div class=\"elementor-divider\">\n\t\t\t<span class=\"elementor-divider-separator\">\n\t\t\t\t\t\t<\/span>\n\t\t<\/div>\n\t\t\t\t\t\t<\/div>\n\t\t\t\t<\/div>\n\t\t\t\t<div class=\"elementor-element elementor-element-7974d29 elementor-widget elementor-widget-heading\" data-id=\"7974d29\" data-element_type=\"widget\" data-e-type=\"widget\" data-widget_type=\"heading.default\">\n\t\t\t\t<div class=\"elementor-widget-container\">\n\t\t\t\t\t<h2 class=\"elementor-heading-title elementor-size-default\">Le Cap de Creus : le plein d\u2019activit\u00e9s aquatiques depuis Rosas !<\/h2>\t\t\t\t<\/div>\n\t\t\t\t<\/div>\n\t\t\t\t<div class=\"elementor-element elementor-element-bfc3d9e elementor-widget elementor-widget-text-editor\" data-id=\"bfc3d9e\" data-element_type=\"widget\" data-e-type=\"widget\" data-widget_type=\"text-editor.default\">\n\t\t\t\t<div class=\"elementor-widget-container\">\n\t\t\t\t\t\t\t\t\t<p>Envie d&#8217;embarquer \u00e0 bord d&#8217;un <strong>bateau<\/strong> depuis <a href=\"\/actualite\/category\/costa-brava\/rosas\/\"><span style=\"text-decoration: underline;\">Rosas<\/span><\/a> pour rejoindre le <strong>Cap de Creus<\/strong> ? Cet endroit, situ\u00e9 \u00e0 l&#8217;extr\u00e9mit\u00e9 nord-est de l&#8217;<strong>Espagne<\/strong>, vous attend ! Cette p\u00e9ninsule de la Catalogne propose une grande vari\u00e9t\u00e9 d&#8217;<strong>activit\u00e9s nautiques pr\u00e8s de Rosas<\/strong>, dans un cadre naturel unique sur la <strong>Costa Brava<\/strong>.<\/p><p>Vous pouvez y pratiquer le <strong>kayak<\/strong>, le <strong>paddle<\/strong> ou le <strong>surf<\/strong>. Ces sports vous permettent de d\u00e9couvrir les falaises, les criques cach\u00e9es et les grottes marines. Elles sont accessibles uniquement par la mer.<\/p><p>La <strong>plong\u00e9e sous-marine<\/strong> est aussi une activit\u00e9 phare. Elle vous donne la possibilit\u00e9 d\u2019observer une <strong>biodiversit\u00e9 sous-marine riche<\/strong> : coraux, \u00e9ponges, m\u00e9rous, poulpes, mur\u00e8nes, poissons-lunes, et m\u00eame des dauphins !<\/p>\t\t\t\t\t\t\t\t<\/div>\n\t\t\t\t<\/div>\n\t\t\t\t<div class=\"elementor-element elementor-element-0fa03d6 elementor-widget elementor-widget-image\" data-id=\"0fa03d6\" data-element_type=\"widget\" data-e-type=\"widget\" data-widget_type=\"image.default\">\n\t\t\t\t<div class=\"elementor-widget-container\">\n\t\t\t\t\t\t\t\t\t\t\t\t\t\t\t<img decoding=\"async\" width=\"1024\" height=\"474\" src=\"https:\/\/www.hispanoa.com\/actualite\/wp-content\/uploads\/2025\/08\/Cap-Creus-bateau-1024x474.jpg\" class=\"attachment-large size-large wp-image-8727\" alt=\"Cap-Creus-bateau\" srcset=\"https:\/\/www.hispanoa.com\/actualite\/wp-content\/uploads\/2025\/08\/Cap-Creus-bateau-1024x474.jpg 1024w, https:\/\/www.hispanoa.com\/actualite\/wp-content\/uploads\/2025\/08\/Cap-Creus-bateau-290x134.jpg 290w, https:\/\/www.hispanoa.com\/actualite\/wp-content\/uploads\/2025\/08\/Cap-Creus-bateau-768x356.jpg 768w, https:\/\/www.hispanoa.com\/actualite\/wp-content\/uploads\/2025\/08\/Cap-Creus-bateau.avif 1080w\" sizes=\"(max-width: 1024px) 100vw, 1024px\" \/>\t\t\t\t\t\t\t\t\t\t\t\t\t\t\t<\/div>\n\t\t\t\t<\/div>\n\t\t\t\t\t<\/div>\n\t\t\t\t<\/div>\n\t\t<div class=\"elementor-element elementor-element-6c13955 e-flex e-con-boxed wpr-particle-no wpr-jarallax-no wpr-parallax-no wpr-sticky-section-no wpr-equal-height-no e-con e-parent\" data-id=\"6c13955\" data-element_type=\"container\" data-e-type=\"container\">\n\t\t\t\t\t<div class=\"e-con-inner\">\n\t\t\t\t<div class=\"elementor-element elementor-element-78e8c58 elementor-widget-divider--view-line elementor-widget elementor-widget-divider\" data-id=\"78e8c58\" data-element_type=\"widget\" data-e-type=\"widget\" id=\"titre4\" data-widget_type=\"divider.default\">\n\t\t\t\t<div class=\"elementor-widget-container\">\n\t\t\t\t\t\t\t<div class=\"elementor-divider\">\n\t\t\t<span class=\"elementor-divider-separator\">\n\t\t\t\t\t\t<\/span>\n\t\t<\/div>\n\t\t\t\t\t\t<\/div>\n\t\t\t\t<\/div>\n\t\t\t\t<div class=\"elementor-element elementor-element-d8bc199 elementor-widget elementor-widget-heading\" data-id=\"d8bc199\" data-element_type=\"widget\" data-e-type=\"widget\" data-widget_type=\"heading.default\">\n\t\t\t\t<div class=\"elementor-widget-container\">\n\t\t\t\t\t<h2 class=\"elementor-heading-title elementor-size-default\">Randonn\u00e9es \u00e0 Rosas : d\u00e9couvertes et panoramas enchanteurs<\/h2>\t\t\t\t<\/div>\n\t\t\t\t<\/div>\n\t\t\t\t<div class=\"elementor-element elementor-element-023dfb4 elementor-widget elementor-widget-text-editor\" data-id=\"023dfb4\" data-element_type=\"widget\" data-e-type=\"widget\" data-widget_type=\"text-editor.default\">\n\t\t\t\t<div class=\"elementor-widget-container\">\n\t\t\t\t\t\t\t\t\t<p>Envie de d\u00e9couvrir la beaut\u00e9 naturelle de la r\u00e9gion ? <strong>Une randonn\u00e9e<\/strong> <strong>\u00e0 Rosas<\/strong> peut \u00eatre une excellente option ! Il existe de nombreux itin\u00e9raires entre la <strong>baie de Rosas<\/strong>, la <strong>Citadelle<\/strong>, et le <strong>parc naturel du Cap de Creus<\/strong>. Notre pr\u00e9f\u00e9r\u00e9e, c&#8217;est la <strong>randonn\u00e9e Rosas<\/strong> &#8211; <strong>Canyelles<\/strong> par le <strong>Cam\u00ed de Ronda<\/strong>.<br \/><br \/>Le point de d\u00e9part, c&#8217;est le <strong>phare de Rosas<\/strong>. Le sentier serpente entre rochers lunaires, pins tordus par le vent, et petits escaliers. Il m\u00e8ne \u00e0 des chemins ombrag\u00e9s. Et vous terminerez votre parcours sur la <strong>plage de Canyelles<\/strong>, parfaite pour une pause baignade ou un verre au bar estival.<br \/><br \/>Cet <strong>itin\u00e9raire de randonn\u00e9e<\/strong> est \u00e0 faire de <strong>pr\u00e9f\u00e9rence en fin de journ\u00e9e<\/strong> pour profiter d\u2019une belle lumi\u00e8re. Rejoignez ensuite votre <a href=\"\/fr\/location-vacances-roses_2155\/\"><span style=\"text-decoration: underline;\">logement pour vos vacances \u00e0 Rosas<\/span><\/a> pour un repos bien m\u00e9rit\u00e9 !<\/p>\t\t\t\t\t\t\t\t<\/div>\n\t\t\t\t<\/div>\n\t\t\t\t<div class=\"elementor-element elementor-element-12ed639 elementor-widget elementor-widget-image\" data-id=\"12ed639\" data-element_type=\"widget\" data-e-type=\"widget\" data-widget_type=\"image.default\">\n\t\t\t\t<div class=\"elementor-widget-container\">\n\t\t\t\t\t\t\t\t\t\t\t\t\t\t\t<img decoding=\"async\" width=\"1024\" height=\"474\" src=\"https:\/\/www.hispanoa.com\/actualite\/wp-content\/uploads\/2025\/08\/randonnee-rosas-1024x474.jpg\" class=\"attachment-large size-large wp-image-8724\" alt=\"randonn\u00e9e-rosas\" srcset=\"https:\/\/www.hispanoa.com\/actualite\/wp-content\/uploads\/2025\/08\/randonnee-rosas-1024x474.jpg 1024w, https:\/\/www.hispanoa.com\/actualite\/wp-content\/uploads\/2025\/08\/randonnee-rosas-290x134.jpg 290w, https:\/\/www.hispanoa.com\/actualite\/wp-content\/uploads\/2025\/08\/randonnee-rosas-768x356.jpg 768w, https:\/\/www.hispanoa.com\/actualite\/wp-content\/uploads\/2025\/08\/randonnee-rosas.avif 1080w\" sizes=\"(max-width: 1024px) 100vw, 1024px\" \/>\t\t\t\t\t\t\t\t\t\t\t\t\t\t\t<\/div>\n\t\t\t\t<\/div>\n\t\t\t\t\t<\/div>\n\t\t\t\t<\/div>\n\t\t<div class=\"elementor-element elementor-element-1fe5866 e-flex e-con-boxed wpr-particle-no wpr-jarallax-no wpr-parallax-no wpr-sticky-section-no wpr-equal-height-no e-con e-parent\" data-id=\"1fe5866\" data-element_type=\"container\" data-e-type=\"container\">\n\t\t\t\t\t<div class=\"e-con-inner\">\n\t\t\t\t<div class=\"elementor-element elementor-element-675f2d4 elementor-widget-divider--view-line elementor-widget elementor-widget-divider\" data-id=\"675f2d4\" data-element_type=\"widget\" data-e-type=\"widget\" id=\"titre5\" data-widget_type=\"divider.default\">\n\t\t\t\t<div class=\"elementor-widget-container\">\n\t\t\t\t\t\t\t<div class=\"elementor-divider\">\n\t\t\t<span class=\"elementor-divider-separator\">\n\t\t\t\t\t\t<\/span>\n\t\t<\/div>\n\t\t\t\t\t\t<\/div>\n\t\t\t\t<\/div>\n\t\t\t\t<div class=\"elementor-element elementor-element-5c2f044 elementor-widget elementor-widget-heading\" data-id=\"5c2f044\" data-element_type=\"widget\" data-e-type=\"widget\" data-widget_type=\"heading.default\">\n\t\t\t\t<div class=\"elementor-widget-container\">\n\t\t\t\t\t<h2 class=\"elementor-heading-title elementor-size-default\">March\u00e9s de Rosas : plongez dans l'\u00e2me catalane !<\/h2>\t\t\t\t<\/div>\n\t\t\t\t<\/div>\n\t\t\t\t<div class=\"elementor-element elementor-element-1dbf4c4 elementor-widget elementor-widget-text-editor\" data-id=\"1dbf4c4\" data-element_type=\"widget\" data-e-type=\"widget\" data-widget_type=\"text-editor.default\">\n\t\t\t\t<div class=\"elementor-widget-container\">\n\t\t\t\t\t\t\t\t\t<p>Faire son <strong>march\u00e9 \u00e0 Rosas<\/strong>, c&#8217;est plonger dans la vie locale. C&#8217;est aussi savourer les produits typiques de la <strong>Costa Brava<\/strong>. Deux march\u00e9s principaux vous attendent pour des <strong>activit\u00e9s Rosas<\/strong> authentiques. Il y a le <strong>march\u00e9 quotidien<\/strong> et le <strong>march\u00e9 hebdomadaire<\/strong>. Ce dernier se tient chaque <strong>dimanche matin<\/strong>, de 9h \u00e0 13h. Il est plus grand et anim\u00e9, avec une large gamme de produits :<\/p><ul><li>Produits du terroir ;<\/li><li>Charcuteries ;<\/li><li>Douceurs catalanes ;<\/li><li>V\u00eatements ;<\/li><li>Bijoux ;<\/li><li>Articles en cuir\u2026<\/li><\/ul><p>L&#8217;ambiance typique d\u2019un march\u00e9 catalan est garantie et des <strong>bars<\/strong> et des <strong>restaurants<\/strong> sur place compl\u00e8tent l&#8217;exp\u00e9rience. Notez que les \u00e9tals se trouvent entre la <em>Carrer del Doctor Jaume Ferran<\/em> et les alentours de la Citadelle.<br \/><br \/><strong>Notre conseil<\/strong> : \u00e9vitez de vous y rendre entre 11h et midi. C&#8217;est l\u00e0 o\u00f9 l&#8217;affluence est \u00e0 son maximum !<\/p>\t\t\t\t\t\t\t\t<\/div>\n\t\t\t\t<\/div>\n\t\t\t\t\t<\/div>\n\t\t\t\t<\/div>\n\t\t<div class=\"elementor-element elementor-element-20434c2 e-flex e-con-boxed wpr-particle-no wpr-jarallax-no wpr-parallax-no wpr-sticky-section-no wpr-equal-height-no e-con e-parent\" data-id=\"20434c2\" data-element_type=\"container\" data-e-type=\"container\">\n\t\t\t\t\t<div class=\"e-con-inner\">\n\t\t\t\t<div class=\"elementor-element elementor-element-24e8eda elementor-widget-divider--view-line elementor-widget elementor-widget-divider\" data-id=\"24e8eda\" data-element_type=\"widget\" data-e-type=\"widget\" id=\"titre6\" data-widget_type=\"divider.default\">\n\t\t\t\t<div class=\"elementor-widget-container\">\n\t\t\t\t\t\t\t<div class=\"elementor-divider\">\n\t\t\t<span class=\"elementor-divider-separator\">\n\t\t\t\t\t\t<\/span>\n\t\t<\/div>\n\t\t\t\t\t\t<\/div>\n\t\t\t\t<\/div>\n\t\t\t\t<div class=\"elementor-element elementor-element-e8de31d elementor-widget elementor-widget-heading\" data-id=\"e8de31d\" data-element_type=\"widget\" data-e-type=\"widget\" data-widget_type=\"heading.default\">\n\t\t\t\t<div class=\"elementor-widget-container\">\n\t\t\t\t\t<h2 class=\"elementor-heading-title elementor-size-default\">Culture : visitez les sites historiques de Rosas<\/h2>\t\t\t\t<\/div>\n\t\t\t\t<\/div>\n\t\t\t\t<div class=\"elementor-element elementor-element-8f4e0a8 elementor-widget elementor-widget-text-editor\" data-id=\"8f4e0a8\" data-element_type=\"widget\" data-e-type=\"widget\" data-widget_type=\"text-editor.default\">\n\t\t\t\t<div class=\"elementor-widget-container\">\n\t\t\t\t\t\t\t\t\t<p>Les <strong>activit\u00e9s \u00e0 Rosas<\/strong> ne seraient pas compl\u00e8tes sans une immersion dans son riche pass\u00e9 ! D\u00e9couvrez les <strong>sites historiques<\/strong> incontournables de Roses :<\/p><ul><li><strong>La Citadelle<\/strong> : profitez d\u2019une visite guid\u00e9e dans cette forteresse du 16\u00e8me si\u00e8cle. C&#8217;est le monument le plus c\u00e9l\u00e8bre de Rosas. Elle renferme des vestiges m\u00e9di\u00e9vaux, grecs ou encore romains, qui t\u00e9moignent de l\u2019importance strat\u00e9gique de la ville \u00e0 travers les si\u00e8cles. Adresse : <em>av. de Rhode, s\/n, 17480 Roses, G\u00e9rone, Espagne<\/em>.<\/li><li><strong>Le Ch\u00e2teau de la Trinit\u00e9<\/strong> : cette fortification Renaissance, \u00e9difi\u00e9e en 1544, propose une exposition photographique sur l\u2019histoire locale. Vous y profiterez d&#8217;un panorama splendide sur la baie de Rosas. Adresse :<em> Carrer d&#8217;Antoni Canals, 105, 17480 Roses, G\u00e9rone, Espagne<\/em>.<\/li><li><strong>Parc m\u00e9galithique de Rosas<\/strong> : ce site pr\u00e9historique de la r\u00e9gion des Monts du Cap de Creus, impressionne par ses dolmens, menhirs et p\u00e9troglyphes datant de 3000 ans avant J.-C. ! Adresse : <em>carretera a Montjoi, 17480 Roses, G\u00e9rone, Espagne<\/em>.<\/li><\/ul>\t\t\t\t\t\t\t\t<\/div>\n\t\t\t\t<\/div>\n\t\t\t\t<div class=\"elementor-element elementor-element-42b2464 elementor-widget elementor-widget-image\" data-id=\"42b2464\" data-element_type=\"widget\" data-e-type=\"widget\" data-widget_type=\"image.default\">\n\t\t\t\t<div class=\"elementor-widget-container\">\n\t\t\t\t\t\t\t\t\t\t\t\t\t\t\t<img loading=\"lazy\" decoding=\"async\" width=\"1024\" height=\"474\" src=\"https:\/\/www.hispanoa.com\/actualite\/wp-content\/uploads\/2025\/06\/Citadelle-de-Rosas-1024x474.jpg\" class=\"attachment-large size-large wp-image-7062\" alt=\"Citadelle de Rosas\" srcset=\"https:\/\/www.hispanoa.com\/actualite\/wp-content\/uploads\/2025\/06\/Citadelle-de-Rosas-1024x474.jpg 1024w, https:\/\/www.hispanoa.com\/actualite\/wp-content\/uploads\/2025\/06\/Citadelle-de-Rosas-290x134.jpg 290w, https:\/\/www.hispanoa.com\/actualite\/wp-content\/uploads\/2025\/06\/Citadelle-de-Rosas-768x356.jpg 768w, https:\/\/www.hispanoa.com\/actualite\/wp-content\/uploads\/2025\/06\/Citadelle-de-Rosas.avif 1080w\" sizes=\"(max-width: 1024px) 100vw, 1024px\" \/>\t\t\t\t\t\t\t\t\t\t\t\t\t\t\t<\/div>\n\t\t\t\t<\/div>\n\t\t\t\t\t<\/div>\n\t\t\t\t<\/div>\n\t\t<div class=\"elementor-element elementor-element-635d7c0 e-flex e-con-boxed wpr-particle-no wpr-jarallax-no wpr-parallax-no wpr-sticky-section-no wpr-equal-height-no e-con e-parent\" data-id=\"635d7c0\" data-element_type=\"container\" data-e-type=\"container\">\n\t\t\t\t\t<div class=\"e-con-inner\">\n\t\t\t\t<div class=\"elementor-element elementor-element-3dbeeda elementor-widget-divider--view-line elementor-widget elementor-widget-divider\" data-id=\"3dbeeda\" data-element_type=\"widget\" data-e-type=\"widget\" id=\"titre7\" data-widget_type=\"divider.default\">\n\t\t\t\t<div class=\"elementor-widget-container\">\n\t\t\t\t\t\t\t<div class=\"elementor-divider\">\n\t\t\t<span class=\"elementor-divider-separator\">\n\t\t\t\t\t\t<\/span>\n\t\t<\/div>\n\t\t\t\t\t\t<\/div>\n\t\t\t\t<\/div>\n\t\t\t\t<div class=\"elementor-element elementor-element-689eaa6 elementor-widget elementor-widget-heading\" data-id=\"689eaa6\" data-element_type=\"widget\" data-e-type=\"widget\" data-widget_type=\"heading.default\">\n\t\t\t\t<div class=\"elementor-widget-container\">\n\t\t\t\t\t<h2 class=\"elementor-heading-title elementor-size-default\">Gastronomie locale : exp\u00e9rimentez une explosion de saveurs m\u00e9diterran\u00e9ennes !<\/h2>\t\t\t\t<\/div>\n\t\t\t\t<\/div>\n\t\t\t\t<div class=\"elementor-element elementor-element-4376ea2 elementor-widget elementor-widget-text-editor\" data-id=\"4376ea2\" data-element_type=\"widget\" data-e-type=\"widget\" data-widget_type=\"text-editor.default\">\n\t\t\t\t<div class=\"elementor-widget-container\">\n\t\t\t\t\t\t\t\t\t<p>\u00c0 <strong>Rosas<\/strong>, la cuisine m\u00e9diterran\u00e9enne est \u00e0 l&#8217;honneur et les produits frais de la Costa Brava se chargeront d&#8217;enchanter vos papilles.<br \/><br \/>La <strong>paella aux fruits de mer<\/strong> est bien s\u00fbr un plat tr\u00e8s populaire. Mais il y a aussi le <strong>Suquet<\/strong> <strong>de Peix<\/strong>, un d\u00e9licieux rago\u00fbt de poisson. Vous appr\u00e9cierez s\u00fbrement la <strong>fideu\u00e1<\/strong>, un plat similaire \u00e0 la paella, mais pr\u00e9par\u00e9 avec des petites p\u00e2tes. Go\u00fbtez aussi aux <strong>tapas<\/strong> ! Les <strong>patatas bravas<\/strong> et les <strong>anchois marin\u00e9s<\/strong> sont incroyables. Les <strong>crevettes de Palam\u00f3s<\/strong> sont aussi une sp\u00e9cialit\u00e9 de la r\u00e9gion. C\u00f4t\u00e9 desserts, laissez-vous tenter par la <strong>crema catalana<\/strong> ou les <strong>brunyols<\/strong>.<br \/><br \/>Pour une exp\u00e9rience culinaire r\u00e9ussie, pensez \u00e0 l&#8217;un de ces <strong>restaurants \u00e0 Rosas<\/strong> :<\/p><ul><li><strong>Rosas III<\/strong> : <em>carrer Punta De La Figuera 1, 17480 Rosas, G\u00e9rone, Espagne<\/em>.<\/li><li><strong>Ca la Valeria Restaurant<\/strong> : <em>mari\u00e0 Benlliure 9, 17480 Rosas, G\u00e9rone, Espagne<\/em>.<\/li><li><strong>Restaurant Falconera<\/strong> : <em>avinguda Jaume I, 24, 17480 Rosas, G\u00e9rone, Espagne<\/em>.<\/li><\/ul>\t\t\t\t\t\t\t\t<\/div>\n\t\t\t\t<\/div>\n\t\t\t\t<div class=\"elementor-element elementor-element-26c1321 elementor-widget elementor-widget-image\" data-id=\"26c1321\" data-element_type=\"widget\" data-e-type=\"widget\" data-widget_type=\"image.default\">\n\t\t\t\t<div class=\"elementor-widget-container\">\n\t\t\t\t\t\t\t\t\t\t\t\t\t\t\t<img loading=\"lazy\" decoding=\"async\" width=\"1024\" height=\"474\" src=\"https:\/\/www.hispanoa.com\/actualite\/wp-content\/uploads\/2025\/08\/Paella-1024x474.jpg\" class=\"attachment-large size-large wp-image-8721\" alt=\"Paella\" srcset=\"https:\/\/www.hispanoa.com\/actualite\/wp-content\/uploads\/2025\/08\/Paella-1024x474.jpg 1024w, https:\/\/www.hispanoa.com\/actualite\/wp-content\/uploads\/2025\/08\/Paella-290x134.jpg 290w, https:\/\/www.hispanoa.com\/actualite\/wp-content\/uploads\/2025\/08\/Paella-768x356.jpg 768w, https:\/\/www.hispanoa.com\/actualite\/wp-content\/uploads\/2025\/08\/Paella.avif 1080w\" sizes=\"(max-width: 1024px) 100vw, 1024px\" \/>\t\t\t\t\t\t\t\t\t\t\t\t\t\t\t<\/div>\n\t\t\t\t<\/div>\n\t\t\t\t\t<\/div>\n\t\t\t\t<\/div>\n\t\t<div class=\"elementor-element elementor-element-85f50b6 e-flex e-con-boxed wpr-particle-no wpr-jarallax-no wpr-parallax-no wpr-sticky-section-no wpr-equal-height-no e-con e-parent\" data-id=\"85f50b6\" data-element_type=\"container\" data-e-type=\"container\">\n\t\t\t\t\t<div class=\"e-con-inner\">\n\t\t\t\t<div class=\"elementor-element elementor-element-0e991c4 elementor-widget-divider--view-line elementor-widget elementor-widget-divider\" data-id=\"0e991c4\" data-element_type=\"widget\" data-e-type=\"widget\" data-widget_type=\"divider.default\">\n\t\t\t\t<div class=\"elementor-widget-container\">\n\t\t\t\t\t\t\t<div class=\"elementor-divider\">\n\t\t\t<span class=\"elementor-divider-separator\">\n\t\t\t\t\t\t<\/span>\n\t\t<\/div>\n\t\t\t\t\t\t<\/div>\n\t\t\t\t<\/div>\n\t\t\t\t<div class=\"elementor-element elementor-element-0e52ce7 elementor-widget elementor-widget-text-editor\" data-id=\"0e52ce7\" data-element_type=\"widget\" data-e-type=\"widget\" data-widget_type=\"text-editor.default\">\n\t\t\t\t<div class=\"elementor-widget-container\">\n\t\t\t\t\t\t\t\t\t<p>Envie de d\u00e9couvrir ces <strong>activit\u00e9s \u00e0 Roses<\/strong> ? Commencez par r\u00e9server vos vacances ! <strong>Hispanoa<\/strong> vous propose une s\u00e9lection exclusive de <a href=\"\/fr\/location-vacances-costa-brava_2020\/\"><span style=\"text-decoration: underline;\">locations de vacances sur la Costa Brava<\/span><\/a>, pour une escapade parfaitement adapt\u00e9e \u00e0 vos envies. <strong>Villas<\/strong>, <strong>appartements<\/strong> <strong>ou studios<\/strong> : tous nos h\u00e9bergements sont choisis avec soin pour vous garantir un s\u00e9jour confortable et personnalis\u00e9. <strong>R\u00e9servez d\u00e8s maintenant<\/strong> !<\/p>\t\t\t\t\t\t\t\t<\/div>\n\t\t\t\t<\/div>\n\t\t\t\t\t<\/div>\n\t\t\t\t<\/div>\n\t\t<div class=\"elementor-element elementor-element-6404f9f e-flex e-con-boxed wpr-particle-no wpr-jarallax-no wpr-parallax-no wpr-sticky-section-no wpr-equal-height-no e-con e-parent\" data-id=\"6404f9f\" data-element_type=\"container\" data-e-type=\"container\">\n\t\t\t\t\t<div class=\"e-con-inner\">\n\t\t<div class=\"elementor-element elementor-element-2ef482e e-con-full e-flex wpr-particle-no wpr-jarallax-no wpr-parallax-no wpr-sticky-section-no wpr-equal-height-no e-con e-child\" data-id=\"2ef482e\" data-element_type=\"container\" data-e-type=\"container\" data-settings=\"{&quot;background_background&quot;:&quot;classic&quot;}\">\n\t\t\t\t<div class=\"elementor-element elementor-element-6e98a64 wpr-author-box-arrange-left elementor-widget elementor-widget-wpr-author-box\" data-id=\"6e98a64\" data-element_type=\"widget\" data-e-type=\"widget\" data-widget_type=\"wpr-author-box.default\">\n\t\t\t\t<div class=\"elementor-widget-container\">\n\t\t\t\t\t<div class=\"wpr-author-box\"><div class=\"wpr-author-box-image\"><a href=\"https:\/\/www.hispanoa.com\/actualite\/author\/cedric\/\" target=\"_self\"><img alt='' src='https:\/\/secure.gravatar.com\/avatar\/31fd29a1b32cb0743d833b27ab84273e?s=264&#038;d=mm&#038;r=g' class='avatar avatar-264 photo' height='264' width='264' \/><\/a><\/div><div class=\"wpr-author-box-text\"><P class=\"wpr-author-box-name\"><a href=\"https:\/\/www.hispanoa.com\/actualite\/author\/cedric\/\" target=\"_self\">C\u00e9dric Hamon<\/a><\/P><P class=\"wpr-author-box-title\"><a href=\"https:\/\/www.hispanoa.com\/actualite\/author\/cedric\/\" target=\"_self\">R\u00e9dacteur Hispanoa<\/a><\/P><\/div><\/div>\t\t\t\t<\/div>\n\t\t\t\t<\/div>\n\t\t\t\t<\/div>\n\t\t\t\t\t<\/div>\n\t\t\t\t<\/div>\n\t\t<div class=\"elementor-element elementor-element-9942ee6 e-flex e-con-boxed wpr-particle-no wpr-jarallax-no wpr-parallax-no wpr-sticky-section-no wpr-equal-height-no e-con e-parent\" data-id=\"9942ee6\" data-element_type=\"container\" data-e-type=\"container\">\n\t\t\t\t\t<div class=\"e-con-inner\">\n\t\t\t\t<div class=\"elementor-element elementor-element-bd6d9bc wpr-stt-btn-align-fixed wpr-stt-btn-align-fixed-right elementor-widget elementor-widget-wpr-back-to-top\" data-id=\"bd6d9bc\" data-element_type=\"widget\" data-e-type=\"widget\" data-widget_type=\"wpr-back-to-top.default\">\n\t\t\t\t<div class=\"elementor-widget-container\">\n\t\t\t\t\t<div class=\"wpr-stt-wrapper\"><div class='wpr-stt-btn' data-settings='{&quot;animation&quot;:&quot;fade&quot;,&quot;animationOffset&quot;:&quot;6&quot;,&quot;animationDuration&quot;:&quot;80&quot;,&quot;fixed&quot;:&quot;fixed&quot;,&quot;scrolAnim&quot;:&quot;800&quot;}'><span class=\"wpr-stt-icon\"><svg class=\"e-font-icon-svg e-fas-chevron-up\" viewBox=\"0 0 448 512\" xmlns=\"http:\/\/www.w3.org\/2000\/svg\"><path d=\"M240.971 130.524l194.343 194.343c9.373 9.373 9.373 24.569 0 33.941l-22.667 22.667c-9.357 9.357-24.522 9.375-33.901.04L224 227.495 69.255 381.516c-9.379 9.335-24.544 9.317-33.901-.04l-22.667-22.667c-9.373-9.373-9.373-24.569 0-33.941L207.03 130.525c9.372-9.373 24.568-9.373 33.941-.001z\"><\/path><\/svg><\/span><\/div><\/div>\t\t\t\t<\/div>\n\t\t\t\t<\/div>\n\t\t\t\t\t<\/div>\n\t\t\t\t<\/div>\n\t\t<div class=\"elementor-element elementor-element-5a1a64d e-flex e-con-boxed wpr-particle-no wpr-jarallax-no wpr-parallax-no wpr-sticky-section-no wpr-equal-height-no e-con e-parent\" data-id=\"5a1a64d\" data-element_type=\"container\" data-e-type=\"container\">\n\t\t\t\t\t<div class=\"e-con-inner\">\n\t\t\t\t<div class=\"elementor-element elementor-element-acba42f elementor-widget elementor-widget-wpr-reading-progress-bar\" data-id=\"acba42f\" data-element_type=\"widget\" data-e-type=\"widget\" data-widget_type=\"wpr-reading-progress-bar.default\">\n\t\t\t\t<div class=\"elementor-widget-container\">\n\t\t\t\t\t<div class=\"wpr-reading-progress-bar-container\" data-background-type=\"transparent\"><div class=\"wpr-reading-progress-bar\"><\/div><\/div>\t\t\t\t<\/div>\n\t\t\t\t<\/div>\n\t\t\t\t\t<\/div>\n\t\t\t\t<\/div>\n\t\t\t\t<\/div>\n\t\t","protected":false},"excerpt":{"rendered":"<p>Sommaire L\u2019essentiel des activit\u00e9s \u00e0 faire \u00e0 Rosas Plages de Rosas : une journ\u00e9e farniente sous le soleil de l\u2019Espagne Le Cap de Creus : le plein d\u2019activit\u00e9s aquatiques depuis<\/p>\n","protected":false},"author":15,"featured_media":8751,"comment_status":"closed","ping_status":"closed","sticky":false,"template":"elementor_theme","format":"standard","meta":{"_seopress_robots_primary_cat":"none","_seopress_titles_title":"Activit\u00e9s Rosas : top 6 des activit\u00e9s \u00e0 faire \u00e0 Rosas en Espagne","_seopress_titles_desc":"D\u00e9couvrez Rosas sur la Costa Brava : plages de r\u00eave, activit\u00e9s nautiques, randonn\u00e9es, march\u00e9s catalans, patrimoine et gastronomie. Vivez un s\u00e9jour inoubliable en Espagne !","_seopress_robots_index":"","ocean_post_layout":"","ocean_both_sidebars_style":"","ocean_both_sidebars_content_width":0,"ocean_both_sidebars_sidebars_width":0,"ocean_sidebar":"0","ocean_second_sidebar":"0","ocean_disable_margins":"enable","ocean_add_body_class":"","ocean_shortcode_before_top_bar":"","ocean_shortcode_after_top_bar":"","ocean_shortcode_before_header":"","ocean_shortcode_after_header":"","ocean_has_shortcode":"","ocean_shortcode_after_title":"","ocean_shortcode_before_footer_widgets":"","ocean_shortcode_after_footer_widgets":"","ocean_shortcode_before_footer_bottom":"","ocean_shortcode_after_footer_bottom":"","ocean_display_top_bar":"default","ocean_display_header":"default","ocean_header_style":"","ocean_center_header_left_menu":"0","ocean_custom_header_template":"0","ocean_custom_logo":0,"ocean_custom_retina_logo":0,"ocean_custom_logo_max_width":0,"ocean_custom_logo_tablet_max_width":0,"ocean_custom_logo_mobile_max_width":0,"ocean_custom_logo_max_height":0,"ocean_custom_logo_tablet_max_height":0,"ocean_custom_logo_mobile_max_height":0,"ocean_header_custom_menu":"0","ocean_menu_typo_font_family":"0","ocean_menu_typo_font_subset":"","ocean_menu_typo_font_size":0,"ocean_menu_typo_font_size_tablet":0,"ocean_menu_typo_font_size_mobile":0,"ocean_menu_typo_font_size_unit":"px","ocean_menu_typo_font_weight":"","ocean_menu_typo_font_weight_tablet":"","ocean_menu_typo_font_weight_mobile":"","ocean_menu_typo_transform":"","ocean_menu_typo_transform_tablet":"","ocean_menu_typo_transform_mobile":"","ocean_menu_typo_line_height":0,"ocean_menu_typo_line_height_tablet":0,"ocean_menu_typo_line_height_mobile":0,"ocean_menu_typo_line_height_unit":"","ocean_menu_typo_spacing":0,"ocean_menu_typo_spacing_tablet":0,"ocean_menu_typo_spacing_mobile":0,"ocean_menu_typo_spacing_unit":"","ocean_menu_link_color":"","ocean_menu_link_color_hover":"","ocean_menu_link_color_active":"","ocean_menu_link_background":"","ocean_menu_link_hover_background":"","ocean_menu_link_active_background":"","ocean_menu_social_links_bg":"","ocean_menu_social_hover_links_bg":"","ocean_menu_social_links_color":"","ocean_menu_social_hover_links_color":"","ocean_disable_title":"default","ocean_disable_heading":"default","ocean_post_title":"","ocean_post_subheading":"","ocean_post_title_style":"","ocean_post_title_background_color":"","ocean_post_title_background":0,"ocean_post_title_bg_image_position":"","ocean_post_title_bg_image_attachment":"","ocean_post_title_bg_image_repeat":"","ocean_post_title_bg_image_size":"","ocean_post_title_height":0,"ocean_post_title_bg_overlay":0.5,"ocean_post_title_bg_overlay_color":"","ocean_disable_breadcrumbs":"default","ocean_breadcrumbs_color":"","ocean_breadcrumbs_separator_color":"","ocean_breadcrumbs_links_color":"","ocean_breadcrumbs_links_hover_color":"","ocean_display_footer_widgets":"default","ocean_display_footer_bottom":"default","ocean_custom_footer_template":"0","ocean_post_oembed":"","ocean_post_self_hosted_media":"","ocean_post_video_embed":"","ocean_link_format":"","ocean_link_format_target":"self","ocean_quote_format":"","ocean_quote_format_link":"post","ocean_gallery_link_images":"on","ocean_gallery_id":[],"footnotes":""},"categories":[562,646],"tags":[],"class_list":["post-8652","post","type-post","status-publish","format-standard","has-post-thumbnail","hentry","category-costa-brava","category-rosas","entry","has-media"],"_links":{"self":[{"href":"https:\/\/www.hispanoa.com\/actualite\/wp-json\/wp\/v2\/posts\/8652","targetHints":{"allow":["GET"]}}],"collection":[{"href":"https:\/\/www.hispanoa.com\/actualite\/wp-json\/wp\/v2\/posts"}],"about":[{"href":"https:\/\/www.hispanoa.com\/actualite\/wp-json\/wp\/v2\/types\/post"}],"author":[{"embeddable":true,"href":"https:\/\/www.hispanoa.com\/actualite\/wp-json\/wp\/v2\/users\/15"}],"replies":[{"embeddable":true,"href":"https:\/\/www.hispanoa.com\/actualite\/wp-json\/wp\/v2\/comments?post=8652"}],"version-history":[{"count":26,"href":"https:\/\/www.hispanoa.com\/actualite\/wp-json\/wp\/v2\/posts\/8652\/revisions"}],"predecessor-version":[{"id":8754,"href":"https:\/\/www.hispanoa.com\/actualite\/wp-json\/wp\/v2\/posts\/8652\/revisions\/8754"}],"wp:featuredmedia":[{"embeddable":true,"href":"https:\/\/www.hispanoa.com\/actualite\/wp-json\/wp\/v2\/media\/8751"}],"wp:attachment":[{"href":"https:\/\/www.hispanoa.com\/actualite\/wp-json\/wp\/v2\/media?parent=8652"}],"wp:term":[{"taxonomy":"category","embeddable":true,"href":"https:\/\/www.hispanoa.com\/actualite\/wp-json\/wp\/v2\/categories?post=8652"},{"taxonomy":"post_tag","embeddable":true,"href":"https:\/\/www.hispanoa.com\/actualite\/wp-json\/wp\/v2\/tags?post=8652"}],"curies":[{"name":"wp","href":"https:\/\/api.w.org\/{rel}","templated":true}]}}