{"id":89,"date":"2008-11-01T10:15:09","date_gmt":"2008-11-01T09:15:09","guid":{"rendered":"http:\/\/www.hispanoa.com\/actualite\/2008\/11\/01\/malte-perle-de-la-mediterranee\/"},"modified":"2025-01-28T14:24:18","modified_gmt":"2025-01-28T13:24:18","slug":"malte-perle-de-la-mediterranee","status":"publish","type":"post","link":"https:\/\/www.hispanoa.com\/actualite\/malte-perle-de-la-mediterranee\/","title":{"rendered":"MALTE Perle de la M\u00e9diterran\u00e9e !!"},"content":{"rendered":"<p><!-- @page { size: 21cm 29.7cm; margin: 2cm } P { margin-bottom: 0.21cm } --><\/p>\n<p><a title=\"La valette et son Port\" href=\"https:\/\/www.hispanoa.com\/actualite\/wp-content\/uploads\/2008\/11\/img_5250.JPG\"><img decoding=\"async\" src=\"https:\/\/www.hispanoa.com\/actualite\/wp-content\/uploads\/2008\/11\/img_5250.thumbnail.JPG\" alt=\"La valette et son Port\" align=\"left\" \/><\/a>C\u2019est parce qu\u2019elle est situ\u00e9e \u00e0 90 Km au sud de la Sicile, \u00e0 290 Km au nord de la c\u00f4te africaine, \u00e0 1830 Km \u00e0 l\u2019est de Gibraltar et \u00e0 1500 Km \u00e0 l\u2019ouest d\u2019Alexandrie en Egypte, que Malte et ses \u00eeles occupent une position centrale en M\u00e9diterran\u00e9e.<br \/>\nL\u2019ensemble de l\u2019archipel compte l\u2019\u00eele de Malte, celles de Gozo et de Comino, toutes habit\u00e9es, et en plus, les petites \u00eeles inhabit\u00e9es de Cominotto, Filfla et Saint Paul.<a title=\"La Valette la nuit\" href=\"https:\/\/www.hispanoa.com\/actualite\/wp-content\/uploads\/2008\/11\/malte-2007-005.JPG\"><img decoding=\"async\" src=\"https:\/\/www.hispanoa.com\/actualite\/wp-content\/uploads\/2008\/11\/malte-2007-005.thumbnail.JPG\" alt=\"La Valette la nuit\" align=\"right\" \/><\/a><\/p>\n<p>Depuis la pr\u00e9histoire, en passant par les Ph\u00e9niciens, les Romains, les Arabes, le moyen-\u00e2ge, \u2026 et bien s\u00fbr les Chevaliers de l\u2019ordre de St Jean, Malte et ses \u00eeles ont accueillies de nombreuses cultures, qui en font aujourd\u2019hui une r\u00e9elle richesse !<br \/>\nVous le d\u00e9couvrirez simplement en fl\u00e2nant dans les ruelles \u00e9troites de la capitale La Valette, avec ses \u00e9tonnants balcons, sa beaut\u00e9 architecturale, ou bien en passant devant les Palais des Grands Ma\u00eetres ou en visitant la Co-Cath\u00e9drale St Jean !<br \/>\n<a title=\"La Valette la nuit\" href=\"https:\/\/www.hispanoa.com\/actualite\/wp-content\/uploads\/2008\/11\/la-valette.jpg\"><img decoding=\"async\" src=\"https:\/\/www.hispanoa.com\/actualite\/wp-content\/uploads\/2008\/11\/la-valette.thumbnail.jpg\" alt=\"La Valette la nuit\" align=\"left\" \/><\/a>Vous pourrez admirer la fameuse Venus de Malte, tr\u00e9sor de la Pr\u00e9histoire ou dans un m\u00eame registre les Temples de Tarxien ou celui d\u2019Hagar Qim. Vous aurez plaisir \u00e0 contempler ces fameuses barques de p\u00eache aux couleurs vives, que vous trouverez dans le petit village de p\u00eacheurs de Marsaxlokk, ou dans tout autre en bord de c\u00f4te.<\/p>\n<p>Pour les amateurs de plong\u00e9e, de baignade ou de farniente, vous n\u2019aurez qu\u2019un \u00e9ventail de possibilit\u00e9s, criques de rochers \u00e0 perte de vue, ou plages de sable, comme celle de Mellieha bay par exemple. Parents et ados seront combl\u00e9s puisque dans la ville de Sliema, se trouve le quartier de St Julian, avec ses pubs et boites de nuit o\u00f9 durant une nuit vous serez le roi de la salsa, du rock, du reggae, ou bien d\u2019autres !<\/p>\n<p>Pour les amoureux, la ville romantique de Mdina vous attend, une splendeur, avec ses ruelles qui d\u00e9bordent de palais et d\u2019\u00e9glises, son centre m\u00e9di\u00e9val, ses jeux d\u2019ombre et de lumi\u00e8re sur la pierre ocre, on y d\u00e9ambule jour et nuit sans se lasser. Laissez-vous surprendre et venez marcher sur les traces des Chevaliers de l\u2019Ordre de Malte, et laissez-vous s\u00e9duire, tel Ulysse succombant aux charmes de Calypso !<\/p>\n<p>Pour loger \u00e0 Malte vous trouverez d\u2019excellentes opportunit\u00e9s sur le site Hispanoa.com<\/p>\n","protected":false},"excerpt":{"rendered":"<p>C\u2019est parce qu\u2019elle est situ\u00e9e \u00e0 90 Km au sud de la Sicile, \u00e0 290 Km au nord de la c\u00f4te africaine, \u00e0 1830 Km \u00e0 l\u2019est de Gibraltar et<\/p>\n","protected":false},"author":1,"featured_media":91,"comment_status":"closed","ping_status":"open","sticky":false,"template":"","format":"standard","meta":{"_seopress_robots_primary_cat":"","_seopress_titles_title":"","_seopress_titles_desc":"","_seopress_robots_index":"","ocean_post_layout":"","ocean_both_sidebars_style":"","ocean_both_sidebars_content_width":0,"ocean_both_sidebars_sidebars_width":0,"ocean_sidebar":"0","ocean_second_sidebar":"0","ocean_disable_margins":"enable","ocean_add_body_class":"","ocean_shortcode_before_top_bar":"","ocean_shortcode_after_top_bar":"","ocean_shortcode_before_header":"","ocean_shortcode_after_header":"","ocean_has_shortcode":"","ocean_shortcode_after_title":"","ocean_shortcode_before_footer_widgets":"","ocean_shortcode_after_footer_widgets":"","ocean_shortcode_before_footer_bottom":"","ocean_shortcode_after_footer_bottom":"","ocean_display_top_bar":"default","ocean_display_header":"default","ocean_header_style":"","ocean_center_header_left_menu":"0","ocean_custom_header_template":"0","ocean_custom_logo":0,"ocean_custom_retina_logo":0,"ocean_custom_logo_max_width":0,"ocean_custom_logo_tablet_max_width":0,"ocean_custom_logo_mobile_max_width":0,"ocean_custom_logo_max_height":0,"ocean_custom_logo_tablet_max_height":0,"ocean_custom_logo_mobile_max_height":0,"ocean_header_custom_menu":"0","ocean_menu_typo_font_family":"0","ocean_menu_typo_font_subset":"","ocean_menu_typo_font_size":0,"ocean_menu_typo_font_size_tablet":0,"ocean_menu_typo_font_size_mobile":0,"ocean_menu_typo_font_size_unit":"px","ocean_menu_typo_font_weight":"","ocean_menu_typo_font_weight_tablet":"","ocean_menu_typo_font_weight_mobile":"","ocean_menu_typo_transform":"","ocean_menu_typo_transform_tablet":"","ocean_menu_typo_transform_mobile":"","ocean_menu_typo_line_height":0,"ocean_menu_typo_line_height_tablet":0,"ocean_menu_typo_line_height_mobile":0,"ocean_menu_typo_line_height_unit":"","ocean_menu_typo_spacing":0,"ocean_menu_typo_spacing_tablet":0,"ocean_menu_typo_spacing_mobile":0,"ocean_menu_typo_spacing_unit":"","ocean_menu_link_color":"","ocean_menu_link_color_hover":"","ocean_menu_link_color_active":"","ocean_menu_link_background":"","ocean_menu_link_hover_background":"","ocean_menu_link_active_background":"","ocean_menu_social_links_bg":"","ocean_menu_social_hover_links_bg":"","ocean_menu_social_links_color":"","ocean_menu_social_hover_links_color":"","ocean_disable_title":"default","ocean_disable_heading":"default","ocean_post_title":"","ocean_post_subheading":"","ocean_post_title_style":"","ocean_post_title_background_color":"","ocean_post_title_background":0,"ocean_post_title_bg_image_position":"","ocean_post_title_bg_image_attachment":"","ocean_post_title_bg_image_repeat":"","ocean_post_title_bg_image_size":"","ocean_post_title_height":0,"ocean_post_title_bg_overlay":0.5,"ocean_post_title_bg_overlay_color":"","ocean_disable_breadcrumbs":"default","ocean_breadcrumbs_color":"","ocean_breadcrumbs_separator_color":"","ocean_breadcrumbs_links_color":"","ocean_breadcrumbs_links_hover_color":"","ocean_display_footer_widgets":"default","ocean_display_footer_bottom":"default","ocean_custom_footer_template":"0","ocean_post_oembed":"","ocean_post_self_hosted_media":"","ocean_post_video_embed":"","ocean_link_format":"","ocean_link_format_target":"self","ocean_quote_format":"","ocean_quote_format_link":"post","ocean_gallery_link_images":"on","ocean_gallery_id":[],"footnotes":""},"categories":[1],"tags":[14,72,60],"class_list":["post-89","post","type-post","status-publish","format-standard","has-post-thumbnail","hentry","category-actus","tag-hispanoa","tag-iles","tag-la-valette","entry","has-media"],"_links":{"self":[{"href":"https:\/\/www.hispanoa.com\/actualite\/wp-json\/wp\/v2\/posts\/89","targetHints":{"allow":["GET"]}}],"collection":[{"href":"https:\/\/www.hispanoa.com\/actualite\/wp-json\/wp\/v2\/posts"}],"about":[{"href":"https:\/\/www.hispanoa.com\/actualite\/wp-json\/wp\/v2\/types\/post"}],"author":[{"embeddable":true,"href":"https:\/\/www.hispanoa.com\/actualite\/wp-json\/wp\/v2\/users\/1"}],"replies":[{"embeddable":true,"href":"https:\/\/www.hispanoa.com\/actualite\/wp-json\/wp\/v2\/comments?post=89"}],"version-history":[{"count":5,"href":"https:\/\/www.hispanoa.com\/actualite\/wp-json\/wp\/v2\/posts\/89\/revisions"}],"predecessor-version":[{"id":3327,"href":"https:\/\/www.hispanoa.com\/actualite\/wp-json\/wp\/v2\/posts\/89\/revisions\/3327"}],"wp:featuredmedia":[{"embeddable":true,"href":"https:\/\/www.hispanoa.com\/actualite\/wp-json\/wp\/v2\/media\/91"}],"wp:attachment":[{"href":"https:\/\/www.hispanoa.com\/actualite\/wp-json\/wp\/v2\/media?parent=89"}],"wp:term":[{"taxonomy":"category","embeddable":true,"href":"https:\/\/www.hispanoa.com\/actualite\/wp-json\/wp\/v2\/categories?post=89"},{"taxonomy":"post_tag","embeddable":true,"href":"https:\/\/www.hispanoa.com\/actualite\/wp-json\/wp\/v2\/tags?post=89"}],"curies":[{"name":"wp","href":"https:\/\/api.w.org\/{rel}","templated":true}]}}