{"id":9080,"date":"2025-10-20T15:46:05","date_gmt":"2025-10-20T14:46:05","guid":{"rendered":"https:\/\/www.hispanoa.com\/actualite\/?p=9080"},"modified":"2025-10-20T15:46:05","modified_gmt":"2025-10-20T14:46:05","slug":"fetes-traditions-espagne","status":"publish","type":"post","link":"https:\/\/www.hispanoa.com\/actualite\/fetes-traditions-espagne\/","title":{"rendered":"F\u00eates et traditions espagnoles : le calendrier des \u00e9v\u00e9nements \u00e0 ne pas manquer"},"content":{"rendered":"\t\t<div data-elementor-type=\"wp-post\" data-elementor-id=\"9080\" class=\"elementor elementor-9080\">\n\t\t\t\t<div class=\"elementor-element elementor-element-fb293b7 e-con-full e-flex wpr-particle-no wpr-jarallax-no wpr-parallax-no wpr-sticky-section-no wpr-equal-height-no e-con e-parent\" data-id=\"fb293b7\" data-element_type=\"container\" data-e-type=\"container\">\n\t\t<div class=\"elementor-element elementor-element-58ca2ed e-con-full e-flex wpr-particle-no wpr-jarallax-no wpr-parallax-no wpr-sticky-section-no wpr-equal-height-no e-con e-child\" data-id=\"58ca2ed\" data-element_type=\"container\" data-e-type=\"container\">\n\t\t\t\t<div class=\"elementor-element elementor-element-100c396 elementor-widget__width-initial elementor-widget elementor-widget-shortcode\" data-id=\"100c396\" data-element_type=\"widget\" data-e-type=\"widget\" data-widget_type=\"shortcode.default\">\n\t\t\t\t<div class=\"elementor-widget-container\">\n\t\t\t\t\t\t\t<div class=\"elementor-shortcode\"><div class=\"custom-breadcrumbs-wrapper\"><nav class=\"custom-breadcrumbs\"><nav role=\"navigation\" aria-label=\"Fil d\u2019Ariane\" class=\"site-breadcrumbs clr position-under-title\"><ol class=\"trail-items\" ><meta name=\"numberOfItems\" content=\"1\" \/><meta name=\"itemListOrder\" content=\"Ascending\" \/><li class=\"trail-item trail-end\" ><span itemprop=\"name\"><a href=\"https:\/\/www.hispanoa.com\/actualite\" rel=\"home\" aria-label=\"Accueil\"><i class=\" icon-home\" aria-hidden=\"true\" role=\"img\"><\/i><span class=\"breadcrumb-home has-icon\">Accueil<\/span><\/a><\/span><meta itemprop=\"position\" content=\"1\" \/><\/li><\/ol><\/nav><\/nav><\/div><\/div>\n\t\t\t\t\t\t<\/div>\n\t\t\t\t<\/div>\n\t\t\t\t<\/div>\n\t\t\t\t<\/div>\n\t\t<div class=\"elementor-element elementor-element-f5a1b3e e-flex e-con-boxed wpr-particle-no wpr-jarallax-no wpr-parallax-no wpr-sticky-section-no wpr-equal-height-no e-con e-parent\" data-id=\"f5a1b3e\" data-element_type=\"container\" data-e-type=\"container\">\n\t\t\t\t\t<div class=\"e-con-inner\">\n\t\t<div class=\"elementor-element elementor-element-2438559 e-con-full e-flex wpr-particle-no wpr-jarallax-no wpr-parallax-no wpr-sticky-section-no wpr-equal-height-no e-con e-child\" data-id=\"2438559\" data-element_type=\"container\" data-e-type=\"container\" data-settings=\"{&quot;background_background&quot;:&quot;classic&quot;}\">\n\t\t\t\t<div class=\"elementor-element elementor-element-7d96a55 elementor-widget elementor-widget-heading\" data-id=\"7d96a55\" data-element_type=\"widget\" data-e-type=\"widget\" data-widget_type=\"heading.default\">\n\t\t\t\t<div class=\"elementor-widget-container\">\n\t\t\t\t\t<h2 class=\"elementor-heading-title elementor-size-default\">Sommaire<\/h2>\t\t\t\t<\/div>\n\t\t\t\t<\/div>\n\t\t\t\t<div class=\"elementor-element elementor-element-e967b56 elementor-align-start elementor-icon-list--layout-traditional elementor-list-item-link-full_width elementor-widget elementor-widget-icon-list\" data-id=\"e967b56\" data-element_type=\"widget\" data-e-type=\"widget\" data-widget_type=\"icon-list.default\">\n\t\t\t\t<div class=\"elementor-widget-container\">\n\t\t\t\t\t\t\t<ul class=\"elementor-icon-list-items\">\n\t\t\t\t\t\t\t<li class=\"elementor-icon-list-item\">\n\t\t\t\t\t\t\t\t\t\t\t<a href=\"#titre1\">\n\n\t\t\t\t\t\t\t\t\t\t\t\t<span class=\"elementor-icon-list-icon\">\n\t\t\t\t\t\t\t<svg aria-hidden=\"true\" class=\"e-font-icon-svg e-fas-dot-circle\" viewBox=\"0 0 512 512\" xmlns=\"http:\/\/www.w3.org\/2000\/svg\"><path d=\"M256 8C119.033 8 8 119.033 8 256s111.033 248 248 248 248-111.033 248-248S392.967 8 256 8zm80 248c0 44.112-35.888 80-80 80s-80-35.888-80-80 35.888-80 80-80 80 35.888 80 80z\"><\/path><\/svg>\t\t\t\t\t\t<\/span>\n\t\t\t\t\t\t\t\t\t\t<span class=\"elementor-icon-list-text\">Le Carnaval de Santa Cruz<\/span>\n\t\t\t\t\t\t\t\t\t\t\t<\/a>\n\t\t\t\t\t\t\t\t\t<\/li>\n\t\t\t\t\t\t\t\t<li class=\"elementor-icon-list-item\">\n\t\t\t\t\t\t\t\t\t\t\t<a href=\"#titre2\">\n\n\t\t\t\t\t\t\t\t\t\t\t\t<span class=\"elementor-icon-list-icon\">\n\t\t\t\t\t\t\t<svg aria-hidden=\"true\" class=\"e-font-icon-svg e-fas-dot-circle\" viewBox=\"0 0 512 512\" xmlns=\"http:\/\/www.w3.org\/2000\/svg\"><path d=\"M256 8C119.033 8 8 119.033 8 256s111.033 248 248 248 248-111.033 248-248S392.967 8 256 8zm80 248c0 44.112-35.888 80-80 80s-80-35.888-80-80 35.888-80 80-80 80 35.888 80 80z\"><\/path><\/svg>\t\t\t\t\t\t<\/span>\n\t\t\t\t\t\t\t\t\t\t<span class=\"elementor-icon-list-text\">Las Fallas de Valence<\/span>\n\t\t\t\t\t\t\t\t\t\t\t<\/a>\n\t\t\t\t\t\t\t\t\t<\/li>\n\t\t\t\t\t\t\t\t<li class=\"elementor-icon-list-item\">\n\t\t\t\t\t\t\t\t\t\t\t<a href=\"#titre3\">\n\n\t\t\t\t\t\t\t\t\t\t\t\t<span class=\"elementor-icon-list-icon\">\n\t\t\t\t\t\t\t<svg aria-hidden=\"true\" class=\"e-font-icon-svg e-fas-dot-circle\" viewBox=\"0 0 512 512\" xmlns=\"http:\/\/www.w3.org\/2000\/svg\"><path d=\"M256 8C119.033 8 8 119.033 8 256s111.033 248 248 248 248-111.033 248-248S392.967 8 256 8zm80 248c0 44.112-35.888 80-80 80s-80-35.888-80-80 35.888-80 80-80 80 35.888 80 80z\"><\/path><\/svg>\t\t\t\t\t\t<\/span>\n\t\t\t\t\t\t\t\t\t\t<span class=\"elementor-icon-list-text\">La Semaine Sainte de Malaga<\/span>\n\t\t\t\t\t\t\t\t\t\t\t<\/a>\n\t\t\t\t\t\t\t\t\t<\/li>\n\t\t\t\t\t\t\t\t<li class=\"elementor-icon-list-item\">\n\t\t\t\t\t\t\t\t\t\t\t<a href=\"#titre4\">\n\n\t\t\t\t\t\t\t\t\t\t\t\t<span class=\"elementor-icon-list-icon\">\n\t\t\t\t\t\t\t<svg aria-hidden=\"true\" class=\"e-font-icon-svg e-fas-dot-circle\" viewBox=\"0 0 512 512\" xmlns=\"http:\/\/www.w3.org\/2000\/svg\"><path d=\"M256 8C119.033 8 8 119.033 8 256s111.033 248 248 248 248-111.033 248-248S392.967 8 256 8zm80 248c0 44.112-35.888 80-80 80s-80-35.888-80-80 35.888-80 80-80 80 35.888 80 80z\"><\/path><\/svg>\t\t\t\t\t\t<\/span>\n\t\t\t\t\t\t\t\t\t\t<span class=\"elementor-icon-list-text\">La Feria de Abril de S\u00e9ville<\/span>\n\t\t\t\t\t\t\t\t\t\t\t<\/a>\n\t\t\t\t\t\t\t\t\t<\/li>\n\t\t\t\t\t\t\t\t<li class=\"elementor-icon-list-item\">\n\t\t\t\t\t\t\t\t\t\t\t<a href=\"#titre5\">\n\n\t\t\t\t\t\t\t\t\t\t\t\t<span class=\"elementor-icon-list-icon\">\n\t\t\t\t\t\t\t<svg aria-hidden=\"true\" class=\"e-font-icon-svg e-fas-dot-circle\" viewBox=\"0 0 512 512\" xmlns=\"http:\/\/www.w3.org\/2000\/svg\"><path d=\"M256 8C119.033 8 8 119.033 8 256s111.033 248 248 248 248-111.033 248-248S392.967 8 256 8zm80 248c0 44.112-35.888 80-80 80s-80-35.888-80-80 35.888-80 80-80 80 35.888 80 80z\"><\/path><\/svg>\t\t\t\t\t\t<\/span>\n\t\t\t\t\t\t\t\t\t\t<span class=\"elementor-icon-list-text\">Les F\u00eates de San Ferm\u00edn<\/span>\n\t\t\t\t\t\t\t\t\t\t\t<\/a>\n\t\t\t\t\t\t\t\t\t<\/li>\n\t\t\t\t\t\t\t\t<li class=\"elementor-icon-list-item\">\n\t\t\t\t\t\t\t\t\t\t\t<a href=\"#titre6\">\n\n\t\t\t\t\t\t\t\t\t\t\t\t<span class=\"elementor-icon-list-icon\">\n\t\t\t\t\t\t\t<svg aria-hidden=\"true\" class=\"e-font-icon-svg e-fas-dot-circle\" viewBox=\"0 0 512 512\" xmlns=\"http:\/\/www.w3.org\/2000\/svg\"><path d=\"M256 8C119.033 8 8 119.033 8 256s111.033 248 248 248 248-111.033 248-248S392.967 8 256 8zm80 248c0 44.112-35.888 80-80 80s-80-35.888-80-80 35.888-80 80-80 80 35.888 80 80z\"><\/path><\/svg>\t\t\t\t\t\t<\/span>\n\t\t\t\t\t\t\t\t\t\t<span class=\"elementor-icon-list-text\">La Tomatina de Bu\u00f1ol<\/span>\n\t\t\t\t\t\t\t\t\t\t\t<\/a>\n\t\t\t\t\t\t\t\t\t<\/li>\n\t\t\t\t\t\t\t\t<li class=\"elementor-icon-list-item\">\n\t\t\t\t\t\t\t\t\t\t\t<a href=\"#titre7\">\n\n\t\t\t\t\t\t\t\t\t\t\t\t<span class=\"elementor-icon-list-icon\">\n\t\t\t\t\t\t\t<svg aria-hidden=\"true\" class=\"e-font-icon-svg e-fas-dot-circle\" viewBox=\"0 0 512 512\" xmlns=\"http:\/\/www.w3.org\/2000\/svg\"><path d=\"M256 8C119.033 8 8 119.033 8 256s111.033 248 248 248 248-111.033 248-248S392.967 8 256 8zm80 248c0 44.112-35.888 80-80 80s-80-35.888-80-80 35.888-80 80-80 80 35.888 80 80z\"><\/path><\/svg>\t\t\t\t\t\t<\/span>\n\t\t\t\t\t\t\t\t\t\t<span class=\"elementor-icon-list-text\">La Merc\u00e8 de Barcelone<\/span>\n\t\t\t\t\t\t\t\t\t\t\t<\/a>\n\t\t\t\t\t\t\t\t\t<\/li>\n\t\t\t\t\t\t\t\t<li class=\"elementor-icon-list-item\">\n\t\t\t\t\t\t\t\t\t\t\t<a href=\"#titre8\">\n\n\t\t\t\t\t\t\t\t\t\t\t\t<span class=\"elementor-icon-list-icon\">\n\t\t\t\t\t\t\t<svg aria-hidden=\"true\" class=\"e-font-icon-svg e-fas-dot-circle\" viewBox=\"0 0 512 512\" xmlns=\"http:\/\/www.w3.org\/2000\/svg\"><path d=\"M256 8C119.033 8 8 119.033 8 256s111.033 248 248 248 248-111.033 248-248S392.967 8 256 8zm80 248c0 44.112-35.888 80-80 80s-80-35.888-80-80 35.888-80 80-80 80 35.888 80 80z\"><\/path><\/svg>\t\t\t\t\t\t<\/span>\n\t\t\t\t\t\t\t\t\t\t<span class=\"elementor-icon-list-text\">Les f\u00eates de No\u00ebl en Espagne<\/span>\n\t\t\t\t\t\t\t\t\t\t\t<\/a>\n\t\t\t\t\t\t\t\t\t<\/li>\n\t\t\t\t\t\t<\/ul>\n\t\t\t\t\t\t<\/div>\n\t\t\t\t<\/div>\n\t\t\t\t<\/div>\n\t\t<div class=\"elementor-element elementor-element-d12ab08 e-con-full e-flex wpr-particle-no wpr-jarallax-no wpr-parallax-no wpr-sticky-section-no wpr-equal-height-no e-con e-child\" data-id=\"d12ab08\" data-element_type=\"container\" data-e-type=\"container\">\n\t\t\t\t<div class=\"elementor-element elementor-element-1e15724 elementor-widget elementor-widget-text-editor\" data-id=\"1e15724\" data-element_type=\"widget\" data-e-type=\"widget\" data-widget_type=\"text-editor.default\">\n\t\t\t\t<div class=\"elementor-widget-container\">\n\t\t\t\t\t\t\t\t\t<p>\u00ab <strong>L\u2019Espagne<\/strong>, \u00e7a vous gagne ! \u00bb. Comment ? Par sa <strong>culture<\/strong> vibrante, ses plages ensoleill\u00e9es, sa gastronomie g\u00e9n\u00e9reuse, mais surtout, par cette <strong>ambiance m\u00e9diterran\u00e9enne<\/strong> si unique. Plongez au c\u0153ur de l&#8217;\u00e2me festive et de la <strong>convivialit\u00e9 l\u00e9gendaire des Espagnols<\/strong>, un peuple joyeux qui c\u00e9l\u00e8bre la vie avec passion. De la magie du <strong>Carnaval<\/strong> aux <strong>processions solennelles<\/strong>, il y a toujours une raison de faire la f\u00eate ici ! Pr\u00e9parez-vous \u00e0 <a href=\"https:\/\/www.hispanoa.com\/actualite\/\"><span style=\"text-decoration: underline;\">d\u00e9couvrir l&#8217;Espagne<\/span><\/a> \u00e0 travers ses plus belles f\u00eates, durant votre prochain voyage !<\/p>\t\t\t\t\t\t\t\t<\/div>\n\t\t\t\t<\/div>\n\t\t\t\t<\/div>\n\t\t\t\t\t<\/div>\n\t\t\t\t<\/div>\n\t\t<div class=\"elementor-element elementor-element-39241b8 e-flex e-con-boxed wpr-particle-no wpr-jarallax-no wpr-parallax-no wpr-sticky-section-no wpr-equal-height-no e-con e-parent\" data-id=\"39241b8\" data-element_type=\"container\" data-e-type=\"container\">\n\t\t\t\t\t<div class=\"e-con-inner\">\n\t\t\t\t<div class=\"elementor-element elementor-element-814aa02 elementor-widget-divider--view-line elementor-widget elementor-widget-divider\" data-id=\"814aa02\" data-element_type=\"widget\" data-e-type=\"widget\" data-widget_type=\"divider.default\">\n\t\t\t\t<div class=\"elementor-widget-container\">\n\t\t\t\t\t\t\t<div class=\"elementor-divider\">\n\t\t\t<span class=\"elementor-divider-separator\">\n\t\t\t\t\t\t<\/span>\n\t\t<\/div>\n\t\t\t\t\t\t<\/div>\n\t\t\t\t<\/div>\n\t\t\t\t<div class=\"elementor-element elementor-element-92f0f85 elementor-widget elementor-widget-heading\" data-id=\"92f0f85\" data-element_type=\"widget\" data-e-type=\"widget\" data-widget_type=\"heading.default\">\n\t\t\t\t<div class=\"elementor-widget-container\">\n\t\t\t\t\t<h2 class=\"elementor-heading-title elementor-size-default\">Votre calendrier festif en Espagne : r\u00e9capitulatif des f\u00eates \u00e0 ne pas rater<\/h2>\t\t\t\t<\/div>\n\t\t\t\t<\/div>\n\t\t<div class=\"elementor-element elementor-element-54c274d e-con-full e-flex wpr-particle-no wpr-jarallax-no wpr-parallax-no wpr-sticky-section-no wpr-equal-height-no e-con e-child\" data-id=\"54c274d\" data-element_type=\"container\" data-e-type=\"container\">\n\t\t<div class=\"elementor-element elementor-element-a588186 e-con-full e-flex wpr-particle-no wpr-jarallax-no wpr-parallax-no wpr-sticky-section-no wpr-equal-height-no e-con e-child\" data-id=\"a588186\" data-element_type=\"container\" data-e-type=\"container\" data-settings=\"{&quot;background_background&quot;:&quot;classic&quot;}\">\n\t\t\t\t<div class=\"elementor-element elementor-element-ed33ca3 elementor-align-start elementor-icon-list--layout-traditional elementor-list-item-link-full_width elementor-widget elementor-widget-icon-list\" data-id=\"ed33ca3\" data-element_type=\"widget\" data-e-type=\"widget\" data-widget_type=\"icon-list.default\">\n\t\t\t\t<div class=\"elementor-widget-container\">\n\t\t\t\t\t\t\t<ul class=\"elementor-icon-list-items\">\n\t\t\t\t\t\t\t<li class=\"elementor-icon-list-item\">\n\t\t\t\t\t\t\t\t\t\t\t<span class=\"elementor-icon-list-icon\">\n\t\t\t\t\t\t\t<svg aria-hidden=\"true\" class=\"e-font-icon-svg e-fas-dot-circle\" viewBox=\"0 0 512 512\" xmlns=\"http:\/\/www.w3.org\/2000\/svg\"><path d=\"M256 8C119.033 8 8 119.033 8 256s111.033 248 248 248 248-111.033 248-248S392.967 8 256 8zm80 248c0 44.112-35.888 80-80 80s-80-35.888-80-80 35.888-80 80-80 80 35.888 80 80z\"><\/path><\/svg>\t\t\t\t\t\t<\/span>\n\t\t\t\t\t\t\t\t\t\t<span class=\"elementor-icon-list-text\"><strong>F\u00e9vrier<\/strong> : le Carnaval de Santa Cruz, l'effervescence \u00e0 l'\u00e9tat pur.<\/span>\n\t\t\t\t\t\t\t\t\t<\/li>\n\t\t\t\t\t\t\t\t<li class=\"elementor-icon-list-item\">\n\t\t\t\t\t\t\t\t\t\t\t<span class=\"elementor-icon-list-icon\">\n\t\t\t\t\t\t\t<svg aria-hidden=\"true\" class=\"e-font-icon-svg e-fas-dot-circle\" viewBox=\"0 0 512 512\" xmlns=\"http:\/\/www.w3.org\/2000\/svg\"><path d=\"M256 8C119.033 8 8 119.033 8 256s111.033 248 248 248 248-111.033 248-248S392.967 8 256 8zm80 248c0 44.112-35.888 80-80 80s-80-35.888-80-80 35.888-80 80-80 80 35.888 80 80z\"><\/path><\/svg>\t\t\t\t\t\t<\/span>\n\t\t\t\t\t\t\t\t\t\t<span class=\"elementor-icon-list-text\"><strong>Mars <\/strong>: les Fallas de Valence, entre art et feu.<\/span>\n\t\t\t\t\t\t\t\t\t<\/li>\n\t\t\t\t\t\t\t\t<li class=\"elementor-icon-list-item\">\n\t\t\t\t\t\t\t\t\t\t\t<span class=\"elementor-icon-list-icon\">\n\t\t\t\t\t\t\t<svg aria-hidden=\"true\" class=\"e-font-icon-svg e-fas-dot-circle\" viewBox=\"0 0 512 512\" xmlns=\"http:\/\/www.w3.org\/2000\/svg\"><path d=\"M256 8C119.033 8 8 119.033 8 256s111.033 248 248 248 248-111.033 248-248S392.967 8 256 8zm80 248c0 44.112-35.888 80-80 80s-80-35.888-80-80 35.888-80 80-80 80 35.888 80 80z\"><\/path><\/svg>\t\t\t\t\t\t<\/span>\n\t\t\t\t\t\t\t\t\t\t<span class=\"elementor-icon-list-text\"><strong>Avril<\/strong> : l'Andalousie en f\u00eate, entre la foi en procession de la Semaine Sainte de Malaga et la Feria de Abril de S\u00e9ville.<\/span>\n\t\t\t\t\t\t\t\t\t<\/li>\n\t\t\t\t\t\t\t\t<li class=\"elementor-icon-list-item\">\n\t\t\t\t\t\t\t\t\t\t\t<span class=\"elementor-icon-list-icon\">\n\t\t\t\t\t\t\t<svg aria-hidden=\"true\" class=\"e-font-icon-svg e-fas-dot-circle\" viewBox=\"0 0 512 512\" xmlns=\"http:\/\/www.w3.org\/2000\/svg\"><path d=\"M256 8C119.033 8 8 119.033 8 256s111.033 248 248 248 248-111.033 248-248S392.967 8 256 8zm80 248c0 44.112-35.888 80-80 80s-80-35.888-80-80 35.888-80 80-80 80 35.888 80 80z\"><\/path><\/svg>\t\t\t\t\t\t<\/span>\n\t\t\t\t\t\t\t\t\t\t<span class=\"elementor-icon-list-text\"><strong>Juillet<\/strong> : les F\u00eates de San Ferm\u00edn \u00e0 Pampelune, le courage en blanc et rouge.<\/span>\n\t\t\t\t\t\t\t\t\t<\/li>\n\t\t\t\t\t\t\t\t<li class=\"elementor-icon-list-item\">\n\t\t\t\t\t\t\t\t\t\t\t<span class=\"elementor-icon-list-icon\">\n\t\t\t\t\t\t\t<svg aria-hidden=\"true\" class=\"e-font-icon-svg e-fas-dot-circle\" viewBox=\"0 0 512 512\" xmlns=\"http:\/\/www.w3.org\/2000\/svg\"><path d=\"M256 8C119.033 8 8 119.033 8 256s111.033 248 248 248 248-111.033 248-248S392.967 8 256 8zm80 248c0 44.112-35.888 80-80 80s-80-35.888-80-80 35.888-80 80-80 80 35.888 80 80z\"><\/path><\/svg>\t\t\t\t\t\t<\/span>\n\t\t\t\t\t\t\t\t\t\t<span class=\"elementor-icon-list-text\"><strong>Ao\u00fbt<\/strong> : la Tomatina de Bu\u00f1ol, une bataille de tomates g\u00e9ante.<\/span>\n\t\t\t\t\t\t\t\t\t<\/li>\n\t\t\t\t\t\t\t\t<li class=\"elementor-icon-list-item\">\n\t\t\t\t\t\t\t\t\t\t\t<span class=\"elementor-icon-list-icon\">\n\t\t\t\t\t\t\t<svg aria-hidden=\"true\" class=\"e-font-icon-svg e-fas-dot-circle\" viewBox=\"0 0 512 512\" xmlns=\"http:\/\/www.w3.org\/2000\/svg\"><path d=\"M256 8C119.033 8 8 119.033 8 256s111.033 248 248 248 248-111.033 248-248S392.967 8 256 8zm80 248c0 44.112-35.888 80-80 80s-80-35.888-80-80 35.888-80 80-80 80 35.888 80 80z\"><\/path><\/svg>\t\t\t\t\t\t<\/span>\n\t\t\t\t\t\t\t\t\t\t<span class=\"elementor-icon-list-text\"><strong>Septembre<\/strong> : la F\u00eate de la Merc\u00e8 \u00e0 Barcelone, un festival de rue.<\/span>\n\t\t\t\t\t\t\t\t\t<\/li>\n\t\t\t\t\t\t\t\t<li class=\"elementor-icon-list-item\">\n\t\t\t\t\t\t\t\t\t\t\t<span class=\"elementor-icon-list-icon\">\n\t\t\t\t\t\t\t<svg aria-hidden=\"true\" class=\"e-font-icon-svg e-fas-dot-circle\" viewBox=\"0 0 512 512\" xmlns=\"http:\/\/www.w3.org\/2000\/svg\"><path d=\"M256 8C119.033 8 8 119.033 8 256s111.033 248 248 248 248-111.033 248-248S392.967 8 256 8zm80 248c0 44.112-35.888 80-80 80s-80-35.888-80-80 35.888-80 80-80 80 35.888 80 80z\"><\/path><\/svg>\t\t\t\t\t\t<\/span>\n\t\t\t\t\t\t\t\t\t\t<span class=\"elementor-icon-list-text\"><strong>D\u00e9cembre\/Janvier<\/strong> : les f\u00eates de No\u00ebl, une ann\u00e9e qui s'ach\u00e8ve en lumi\u00e8re.<\/span>\n\t\t\t\t\t\t\t\t\t<\/li>\n\t\t\t\t\t\t<\/ul>\n\t\t\t\t\t\t<\/div>\n\t\t\t\t<\/div>\n\t\t\t\t<\/div>\n\t\t\t\t<\/div>\n\t\t\t\t\t<\/div>\n\t\t\t\t<\/div>\n\t\t<div class=\"elementor-element elementor-element-fcccbd2 e-flex e-con-boxed wpr-particle-no wpr-jarallax-no wpr-parallax-no wpr-sticky-section-no wpr-equal-height-no e-con e-parent\" data-id=\"fcccbd2\" data-element_type=\"container\" data-e-type=\"container\">\n\t\t\t\t\t<div class=\"e-con-inner\">\n\t\t\t\t<div class=\"elementor-element elementor-element-4e5b0c9 elementor-widget-divider--view-line elementor-widget elementor-widget-divider\" data-id=\"4e5b0c9\" data-element_type=\"widget\" data-e-type=\"widget\" id=\"titre1\" data-widget_type=\"divider.default\">\n\t\t\t\t<div class=\"elementor-widget-container\">\n\t\t\t\t\t\t\t<div class=\"elementor-divider\">\n\t\t\t<span class=\"elementor-divider-separator\">\n\t\t\t\t\t\t<\/span>\n\t\t<\/div>\n\t\t\t\t\t\t<\/div>\n\t\t\t\t<\/div>\n\t\t\t\t<div class=\"elementor-element elementor-element-ff7e129 elementor-widget elementor-widget-image\" data-id=\"ff7e129\" data-element_type=\"widget\" data-e-type=\"widget\" data-widget_type=\"image.default\">\n\t\t\t\t<div class=\"elementor-widget-container\">\n\t\t\t\t\t\t\t\t\t\t\t\t\t\t\t<img fetchpriority=\"high\" decoding=\"async\" width=\"1024\" height=\"474\" src=\"https:\/\/www.hispanoa.com\/actualite\/wp-content\/uploads\/2025\/10\/Carnaval-1024x474.jpg\" class=\"attachment-large size-large wp-image-9134\" alt=\"Carnaval\" srcset=\"https:\/\/www.hispanoa.com\/actualite\/wp-content\/uploads\/2025\/10\/Carnaval-1024x474.jpg 1024w, https:\/\/www.hispanoa.com\/actualite\/wp-content\/uploads\/2025\/10\/Carnaval-290x134.jpg 290w, https:\/\/www.hispanoa.com\/actualite\/wp-content\/uploads\/2025\/10\/Carnaval-768x356.jpg 768w, https:\/\/www.hispanoa.com\/actualite\/wp-content\/uploads\/2025\/10\/Carnaval.avif 1080w\" sizes=\"(max-width: 1024px) 100vw, 1024px\" \/>\t\t\t\t\t\t\t\t\t\t\t\t\t\t\t<\/div>\n\t\t\t\t<\/div>\n\t\t\t\t<div class=\"elementor-element elementor-element-05677b6 elementor-widget elementor-widget-heading\" data-id=\"05677b6\" data-element_type=\"widget\" data-e-type=\"widget\" data-widget_type=\"heading.default\">\n\t\t\t\t<div class=\"elementor-widget-container\">\n\t\t\t\t\t<h2 class=\"elementor-heading-title elementor-size-default\">Le Carnaval de Santa Cruz<\/h2>\t\t\t\t<\/div>\n\t\t\t\t<\/div>\n\t\t\t\t<div class=\"elementor-element elementor-element-3e7d838 elementor-widget elementor-widget-text-editor\" data-id=\"3e7d838\" data-element_type=\"widget\" data-e-type=\"widget\" data-widget_type=\"text-editor.default\">\n\t\t\t\t<div class=\"elementor-widget-container\">\n\t\t\t\t\t\t\t\t\t<p>En <strong>f\u00e9vrier, l&#8217;\u00eele de Tenerife<\/strong> s&#8217;enflamme pour un <strong>carnaval<\/strong> qui rivalise avec celui de Rio de Janeiro ! <strong>Costumes extravagants, chars<\/strong> d\u00e9cor\u00e9s, et une <strong>ambiance de folie<\/strong> envahissent les rues. Le point culminant de ces <strong>f\u00eates populaires en Espagne<\/strong>, c&#8217;est<strong> l&#8217;\u00e9lection de la Reine<\/strong> <strong>du carnaval<\/strong>, un spectacle incroyable o\u00f9 les tenues peuvent peser plus de 100 kilos. Enfin, l&#8217;<strong>enterrement humoristique de la sardine<\/strong>, est une procession burlesque qui marque la fin des festivit\u00e9s !<br \/><br \/><strong>Conseil pratique<\/strong> : le Carnaval est une p\u00e9riode de haute saison. R\u00e9servez <a href=\"https:\/\/www.hispanoa.com\/fr\/location-vacances-espagne_1377\/\"><span style=\"text-decoration: underline;\">une location de vacances en Espagne<\/span><\/a> et vos vols plusieurs mois \u00e0 l&#8217;avance, et n&#8217;oubliez pas votre d\u00e9guisement !<\/p>\t\t\t\t\t\t\t\t<\/div>\n\t\t\t\t<\/div>\n\t\t\t\t\t<\/div>\n\t\t\t\t<\/div>\n\t\t<div class=\"elementor-element elementor-element-f852310 e-flex e-con-boxed wpr-particle-no wpr-jarallax-no wpr-parallax-no wpr-sticky-section-no wpr-equal-height-no e-con e-parent\" data-id=\"f852310\" data-element_type=\"container\" data-e-type=\"container\">\n\t\t\t\t\t<div class=\"e-con-inner\">\n\t\t\t\t<div class=\"elementor-element elementor-element-9cf5520 elementor-widget-divider--view-line elementor-widget elementor-widget-divider\" data-id=\"9cf5520\" data-element_type=\"widget\" data-e-type=\"widget\" id=\"titre2\" data-widget_type=\"divider.default\">\n\t\t\t\t<div class=\"elementor-widget-container\">\n\t\t\t\t\t\t\t<div class=\"elementor-divider\">\n\t\t\t<span class=\"elementor-divider-separator\">\n\t\t\t\t\t\t<\/span>\n\t\t<\/div>\n\t\t\t\t\t\t<\/div>\n\t\t\t\t<\/div>\n\t\t\t\t<div class=\"elementor-element elementor-element-68eeee1 elementor-widget elementor-widget-image\" data-id=\"68eeee1\" data-element_type=\"widget\" data-e-type=\"widget\" data-widget_type=\"image.default\">\n\t\t\t\t<div class=\"elementor-widget-container\">\n\t\t\t\t\t\t\t\t\t\t\t\t\t\t\t<img decoding=\"async\" width=\"1024\" height=\"474\" src=\"https:\/\/www.hispanoa.com\/actualite\/wp-content\/uploads\/2025\/10\/Las-Fallas-de-Valence-1024x474.jpg\" class=\"attachment-large size-large wp-image-9131\" alt=\"Las Fallas de Valence\" srcset=\"https:\/\/www.hispanoa.com\/actualite\/wp-content\/uploads\/2025\/10\/Las-Fallas-de-Valence-1024x474.jpg 1024w, https:\/\/www.hispanoa.com\/actualite\/wp-content\/uploads\/2025\/10\/Las-Fallas-de-Valence-290x134.jpg 290w, https:\/\/www.hispanoa.com\/actualite\/wp-content\/uploads\/2025\/10\/Las-Fallas-de-Valence-768x356.jpg 768w, https:\/\/www.hispanoa.com\/actualite\/wp-content\/uploads\/2025\/10\/Las-Fallas-de-Valence.avif 1080w\" sizes=\"(max-width: 1024px) 100vw, 1024px\" \/>\t\t\t\t\t\t\t\t\t\t\t\t\t\t\t<\/div>\n\t\t\t\t<\/div>\n\t\t\t\t<div class=\"elementor-element elementor-element-938f20c elementor-widget elementor-widget-heading\" data-id=\"938f20c\" data-element_type=\"widget\" data-e-type=\"widget\" data-widget_type=\"heading.default\">\n\t\t\t\t<div class=\"elementor-widget-container\">\n\t\t\t\t\t<h2 class=\"elementor-heading-title elementor-size-default\">Las Fallas de Valence\n<\/h2>\t\t\t\t<\/div>\n\t\t\t\t<\/div>\n\t\t\t\t<div class=\"elementor-element elementor-element-f38c1e1 elementor-widget elementor-widget-text-editor\" data-id=\"f38c1e1\" data-element_type=\"widget\" data-e-type=\"widget\" data-widget_type=\"text-editor.default\">\n\t\t\t\t<div class=\"elementor-widget-container\">\n\t\t\t\t\t\t\t\t\t<p><strong>Du 15 au 19 mars, Valence<\/strong> se transforme en un <strong>festival pyrotechnique<\/strong> unique. Pour ces <strong>f\u00eates traditionnelles en Espagne<\/strong>, les quartiers \u00e9rigent d&#8217;immenses <strong>statues satiriques, les Fallas<\/strong>, souvent moquant des personnalit\u00e9s. Ces \u0153uvres d&#8217;art sont expos\u00e9es puis, lors de la <strong>Crem\u00e0<\/strong>, elles sont br\u00fbl\u00e9es dans un spectacle impressionnant ! Au m\u00eame moment, la ville s&#8217;embrase aussi avec les <strong>Masclet\u00e0s<\/strong>, des feux d&#8217;artifices qui embellissent le ciel de la Plaza del Ayuntamiento.<br \/><br \/><strong>Conseil pratique<\/strong> : les Masclet\u00e0s sont tr\u00e8s bruyantes. Si vous avez les oreilles sensibles, pr\u00e9voyez des bouchons !<\/p>\t\t\t\t\t\t\t\t<\/div>\n\t\t\t\t<\/div>\n\t\t\t\t\t<\/div>\n\t\t\t\t<\/div>\n\t\t<div class=\"elementor-element elementor-element-d8d69d6 e-flex e-con-boxed wpr-particle-no wpr-jarallax-no wpr-parallax-no wpr-sticky-section-no wpr-equal-height-no e-con e-parent\" data-id=\"d8d69d6\" data-element_type=\"container\" data-e-type=\"container\">\n\t\t\t\t\t<div class=\"e-con-inner\">\n\t\t\t\t<div class=\"elementor-element elementor-element-9830b8f elementor-widget-divider--view-line elementor-widget elementor-widget-divider\" data-id=\"9830b8f\" data-element_type=\"widget\" data-e-type=\"widget\" id=\"titre3\" data-widget_type=\"divider.default\">\n\t\t\t\t<div class=\"elementor-widget-container\">\n\t\t\t\t\t\t\t<div class=\"elementor-divider\">\n\t\t\t<span class=\"elementor-divider-separator\">\n\t\t\t\t\t\t<\/span>\n\t\t<\/div>\n\t\t\t\t\t\t<\/div>\n\t\t\t\t<\/div>\n\t\t\t\t<div class=\"elementor-element elementor-element-9d6bc67 elementor-widget elementor-widget-heading\" data-id=\"9d6bc67\" data-element_type=\"widget\" data-e-type=\"widget\" data-widget_type=\"heading.default\">\n\t\t\t\t<div class=\"elementor-widget-container\">\n\t\t\t\t\t<h2 class=\"elementor-heading-title elementor-size-default\">La Semaine Sainte de Malaga<\/h2>\t\t\t\t<\/div>\n\t\t\t\t<\/div>\n\t\t\t\t<div class=\"elementor-element elementor-element-3022272 elementor-widget elementor-widget-text-editor\" data-id=\"3022272\" data-element_type=\"widget\" data-e-type=\"widget\" data-widget_type=\"text-editor.default\">\n\t\t\t\t<div class=\"elementor-widget-container\">\n\t\t\t\t\t\t\t\t\t<p>\u00c0 <strong>Malaga<\/strong>, l&#8217;ambiance est plus chaleureuse que dans d&#8217;autres <strong>villes d&#8217;Andalousie<\/strong>. Juste <strong>avant P\u00e2ques<\/strong>, la <strong>Semaine Sainte<\/strong> transforme la ville ! Des confr\u00e9ries portent d&#8217;\u00e9normes tr\u00f4nes orn\u00e9s de <strong>statues de saints<\/strong>, et ce, dans des <strong>processions lentes et solennelles<\/strong>. La ville enti\u00e8re retient son souffle pour ces <strong>f\u00eates religieuses en Espagne<\/strong>. Le <strong>Mercredi Saint<\/strong>, un moment fort et symbolique, un prisonnier est lib\u00e9r\u00e9.<br \/><br \/><strong>Conseil pratique<\/strong> : pour avoir la meilleure vue sur les processions, arrivez tr\u00e8s t\u00f4t. Le centre historique, notamment l&#8217;Alameda Principal, est l&#8217;endroit id\u00e9al.<\/p>\t\t\t\t\t\t\t\t<\/div>\n\t\t\t\t<\/div>\n\t\t\t\t\t<\/div>\n\t\t\t\t<\/div>\n\t\t<div class=\"elementor-element elementor-element-e26d4c7 e-flex e-con-boxed wpr-particle-no wpr-jarallax-no wpr-parallax-no wpr-sticky-section-no wpr-equal-height-no e-con e-parent\" data-id=\"e26d4c7\" data-element_type=\"container\" data-e-type=\"container\">\n\t\t\t\t\t<div class=\"e-con-inner\">\n\t\t\t\t<div class=\"elementor-element elementor-element-3b908b2 elementor-widget-divider--view-line elementor-widget elementor-widget-divider\" data-id=\"3b908b2\" data-element_type=\"widget\" data-e-type=\"widget\" id=\"titre4\" data-widget_type=\"divider.default\">\n\t\t\t\t<div class=\"elementor-widget-container\">\n\t\t\t\t\t\t\t<div class=\"elementor-divider\">\n\t\t\t<span class=\"elementor-divider-separator\">\n\t\t\t\t\t\t<\/span>\n\t\t<\/div>\n\t\t\t\t\t\t<\/div>\n\t\t\t\t<\/div>\n\t\t\t\t<div class=\"elementor-element elementor-element-7b42714 elementor-widget elementor-widget-image\" data-id=\"7b42714\" data-element_type=\"widget\" data-e-type=\"widget\" data-widget_type=\"image.default\">\n\t\t\t\t<div class=\"elementor-widget-container\">\n\t\t\t\t\t\t\t\t\t\t\t\t\t\t\t<img decoding=\"async\" width=\"1024\" height=\"474\" src=\"https:\/\/www.hispanoa.com\/actualite\/wp-content\/uploads\/2025\/10\/La-Feria-de-Abril-de-Seville-1024x474.jpg\" class=\"attachment-large size-large wp-image-9128\" alt=\"La Feria de Abril de S\u00e9ville\" srcset=\"https:\/\/www.hispanoa.com\/actualite\/wp-content\/uploads\/2025\/10\/La-Feria-de-Abril-de-Seville-1024x474.jpg 1024w, https:\/\/www.hispanoa.com\/actualite\/wp-content\/uploads\/2025\/10\/La-Feria-de-Abril-de-Seville-290x134.jpg 290w, https:\/\/www.hispanoa.com\/actualite\/wp-content\/uploads\/2025\/10\/La-Feria-de-Abril-de-Seville-768x356.jpg 768w, https:\/\/www.hispanoa.com\/actualite\/wp-content\/uploads\/2025\/10\/La-Feria-de-Abril-de-Seville.avif 1080w\" sizes=\"(max-width: 1024px) 100vw, 1024px\" \/>\t\t\t\t\t\t\t\t\t\t\t\t\t\t\t<\/div>\n\t\t\t\t<\/div>\n\t\t\t\t<div class=\"elementor-element elementor-element-cb0f691 elementor-widget elementor-widget-heading\" data-id=\"cb0f691\" data-element_type=\"widget\" data-e-type=\"widget\" data-widget_type=\"heading.default\">\n\t\t\t\t<div class=\"elementor-widget-container\">\n\t\t\t\t\t<h2 class=\"elementor-heading-title elementor-size-default\">La Feria de Abril de S\u00e9ville<\/h2>\t\t\t\t<\/div>\n\t\t\t\t<\/div>\n\t\t\t\t<div class=\"elementor-element elementor-element-22f0d52 elementor-widget elementor-widget-text-editor\" data-id=\"22f0d52\" data-element_type=\"widget\" data-e-type=\"widget\" data-widget_type=\"text-editor.default\">\n\t\t\t\t<div class=\"elementor-widget-container\">\n\t\t\t\t\t\t\t\t\t<p><strong>Deux semaines apr\u00e8s P\u00e2ques<\/strong>, le <strong>Real de la Feria \u00e0 S\u00e9ville<\/strong> annonce quelques jours de festivit\u00e9s. Cette <strong>f\u00eate locale<\/strong> <strong>en Espagne<\/strong> est un hymne \u00e0 la joie de vivre de <strong>l&#8217;Andalousie<\/strong> ! Les <strong>casetas<\/strong>, de grandes tentes \u00e9ph\u00e9m\u00e8res, se remplissent de <strong>S\u00e9villans<\/strong> en tenues traditionnelles. Les femmes en robes de flamenco et les hommes en costumes. On y <strong>danse<\/strong> la s\u00e9villane, <strong>on boit du rebujito<\/strong> et on d\u00e9guste des <strong>tapas<\/strong> jusqu&#8217;au bout de la nuit.<br \/><br \/><strong>Conseil pratique<\/strong> : pr\u00e9parez une tenue \u00e9l\u00e9gante, car c&#8217;est la tradition !<\/p>\t\t\t\t\t\t\t\t<\/div>\n\t\t\t\t<\/div>\n\t\t\t\t\t<\/div>\n\t\t\t\t<\/div>\n\t\t<div class=\"elementor-element elementor-element-fefa962 e-flex e-con-boxed wpr-particle-no wpr-jarallax-no wpr-parallax-no wpr-sticky-section-no wpr-equal-height-no e-con e-parent\" data-id=\"fefa962\" data-element_type=\"container\" data-e-type=\"container\">\n\t\t\t\t\t<div class=\"e-con-inner\">\n\t\t\t\t<div class=\"elementor-element elementor-element-6994404 elementor-widget-divider--view-line elementor-widget elementor-widget-divider\" data-id=\"6994404\" data-element_type=\"widget\" data-e-type=\"widget\" id=\"titre5\" data-widget_type=\"divider.default\">\n\t\t\t\t<div class=\"elementor-widget-container\">\n\t\t\t\t\t\t\t<div class=\"elementor-divider\">\n\t\t\t<span class=\"elementor-divider-separator\">\n\t\t\t\t\t\t<\/span>\n\t\t<\/div>\n\t\t\t\t\t\t<\/div>\n\t\t\t\t<\/div>\n\t\t\t\t<div class=\"elementor-element elementor-element-95f3f00 elementor-widget elementor-widget-image\" data-id=\"95f3f00\" data-element_type=\"widget\" data-e-type=\"widget\" data-widget_type=\"image.default\">\n\t\t\t\t<div class=\"elementor-widget-container\">\n\t\t\t\t\t\t\t\t\t\t\t\t\t\t\t<img loading=\"lazy\" decoding=\"async\" width=\"1024\" height=\"474\" src=\"https:\/\/www.hispanoa.com\/actualite\/wp-content\/uploads\/2025\/10\/Les-Fetes-de-San-Fermin-1024x474.jpg\" class=\"attachment-large size-large wp-image-9125\" alt=\"Les F\u00eates de San Ferm\u00edn\" srcset=\"https:\/\/www.hispanoa.com\/actualite\/wp-content\/uploads\/2025\/10\/Les-Fetes-de-San-Fermin-1024x474.jpg 1024w, https:\/\/www.hispanoa.com\/actualite\/wp-content\/uploads\/2025\/10\/Les-Fetes-de-San-Fermin-290x134.jpg 290w, https:\/\/www.hispanoa.com\/actualite\/wp-content\/uploads\/2025\/10\/Les-Fetes-de-San-Fermin-768x356.jpg 768w, https:\/\/www.hispanoa.com\/actualite\/wp-content\/uploads\/2025\/10\/Les-Fetes-de-San-Fermin.avif 1080w\" sizes=\"(max-width: 1024px) 100vw, 1024px\" \/>\t\t\t\t\t\t\t\t\t\t\t\t\t\t\t<\/div>\n\t\t\t\t<\/div>\n\t\t\t\t<div class=\"elementor-element elementor-element-c1eaf27 elementor-widget elementor-widget-heading\" data-id=\"c1eaf27\" data-element_type=\"widget\" data-e-type=\"widget\" data-widget_type=\"heading.default\">\n\t\t\t\t<div class=\"elementor-widget-container\">\n\t\t\t\t\t<h2 class=\"elementor-heading-title elementor-size-default\">Les F\u00eates de San Ferm\u00edn<\/h2>\t\t\t\t<\/div>\n\t\t\t\t<\/div>\n\t\t\t\t<div class=\"elementor-element elementor-element-fe25775 elementor-widget elementor-widget-text-editor\" data-id=\"fe25775\" data-element_type=\"widget\" data-e-type=\"widget\" data-widget_type=\"text-editor.default\">\n\t\t\t\t<div class=\"elementor-widget-container\">\n\t\t\t\t\t\t\t\t\t<p><strong>Du 6 au 14 juillet<\/strong>, <strong>Pampelune<\/strong> se pare de blanc et de rouge pour honorer son <strong>saint patron<\/strong>, <strong>Ferm\u00edn<\/strong>. Les festivit\u00e9s d\u00e9butent avec le <strong>chupinazo<\/strong>, un feu d&#8217;artifice tir\u00e9 depuis la mairie. Le point d&#8217;orgue de ces <strong>f\u00eates culturelles<\/strong> <strong>en Espagne<\/strong> est bien s\u00fbr les encierros : les courses mythiques devant les taureaux. C&#8217;est un d\u00e9fi de courage pour les coureurs, mais pour le reste de la <strong>ville<\/strong>, la f\u00eate est partout : <strong>processions, concerts, <\/strong>et <strong>animations non-stop<\/strong>.<br \/><br \/><strong>Conseil pratique<\/strong> : si vous ne participez pas \u00e0 la course, le mieux est de la regarder depuis un balcon ou derri\u00e8re les barri\u00e8res.<\/p>\t\t\t\t\t\t\t\t<\/div>\n\t\t\t\t<\/div>\n\t\t\t\t\t<\/div>\n\t\t\t\t<\/div>\n\t\t<div class=\"elementor-element elementor-element-1ce6fb3 e-flex e-con-boxed wpr-particle-no wpr-jarallax-no wpr-parallax-no wpr-sticky-section-no wpr-equal-height-no e-con e-parent\" data-id=\"1ce6fb3\" data-element_type=\"container\" data-e-type=\"container\">\n\t\t\t\t\t<div class=\"e-con-inner\">\n\t\t\t\t<div class=\"elementor-element elementor-element-11110d1 elementor-widget-divider--view-line elementor-widget elementor-widget-divider\" data-id=\"11110d1\" data-element_type=\"widget\" data-e-type=\"widget\" id=\"titre6\" data-widget_type=\"divider.default\">\n\t\t\t\t<div class=\"elementor-widget-container\">\n\t\t\t\t\t\t\t<div class=\"elementor-divider\">\n\t\t\t<span class=\"elementor-divider-separator\">\n\t\t\t\t\t\t<\/span>\n\t\t<\/div>\n\t\t\t\t\t\t<\/div>\n\t\t\t\t<\/div>\n\t\t\t\t<div class=\"elementor-element elementor-element-414a652 elementor-widget elementor-widget-heading\" data-id=\"414a652\" data-element_type=\"widget\" data-e-type=\"widget\" data-widget_type=\"heading.default\">\n\t\t\t\t<div class=\"elementor-widget-container\">\n\t\t\t\t\t<h2 class=\"elementor-heading-title elementor-size-default\">La Tomatina de Bu\u00f1ol<\/h2>\t\t\t\t<\/div>\n\t\t\t\t<\/div>\n\t\t\t\t<div class=\"elementor-element elementor-element-c91d4a9 elementor-widget elementor-widget-text-editor\" data-id=\"c91d4a9\" data-element_type=\"widget\" data-e-type=\"widget\" data-widget_type=\"text-editor.default\">\n\t\t\t\t<div class=\"elementor-widget-container\">\n\t\t\t\t\t\t\t\t\t<p>Chaque <strong>dernier mercredi d&#8217;ao\u00fbt<\/strong>, <strong>Bu\u00f1ol<\/strong>, une petite <strong>ville pr\u00e8s de Valence<\/strong>, devient le th\u00e9\u00e2tre d&#8217;une <strong>bataille de tomates g\u00e9ante<\/strong> ! Des milliers de personnes du monde entier se jettent plus de 150 tonnes de tomates dans une ambiance <strong>folle et conviviale<\/strong>. La bataille ne dure <strong>qu&#8217;une heure<\/strong>, mais les festivit\u00e9s commencent bien avant.<br \/><br \/><strong>Conseil pratique<\/strong> : pr\u00e9voyez de vieux v\u00eatements et des chaussures ferm\u00e9es pour ce festival. Des lunettes de protection sont aussi une excellente id\u00e9e ! Arrivez t\u00f4t, car l&#8217;acc\u00e8s est limit\u00e9.<\/p>\t\t\t\t\t\t\t\t<\/div>\n\t\t\t\t<\/div>\n\t\t\t\t\t<\/div>\n\t\t\t\t<\/div>\n\t\t<div class=\"elementor-element elementor-element-656e884 e-flex e-con-boxed wpr-particle-no wpr-jarallax-no wpr-parallax-no wpr-sticky-section-no wpr-equal-height-no e-con e-parent\" data-id=\"656e884\" data-element_type=\"container\" data-e-type=\"container\">\n\t\t\t\t\t<div class=\"e-con-inner\">\n\t\t\t\t<div class=\"elementor-element elementor-element-aacfb70 elementor-widget-divider--view-line elementor-widget elementor-widget-divider\" data-id=\"aacfb70\" data-element_type=\"widget\" data-e-type=\"widget\" id=\"titre7\" data-widget_type=\"divider.default\">\n\t\t\t\t<div class=\"elementor-widget-container\">\n\t\t\t\t\t\t\t<div class=\"elementor-divider\">\n\t\t\t<span class=\"elementor-divider-separator\">\n\t\t\t\t\t\t<\/span>\n\t\t<\/div>\n\t\t\t\t\t\t<\/div>\n\t\t\t\t<\/div>\n\t\t\t\t<div class=\"elementor-element elementor-element-0337e79 elementor-widget elementor-widget-image\" data-id=\"0337e79\" data-element_type=\"widget\" data-e-type=\"widget\" data-widget_type=\"image.default\">\n\t\t\t\t<div class=\"elementor-widget-container\">\n\t\t\t\t\t\t\t\t\t\t\t\t\t\t\t<img loading=\"lazy\" decoding=\"async\" width=\"1024\" height=\"474\" src=\"https:\/\/www.hispanoa.com\/actualite\/wp-content\/uploads\/2025\/10\/La-Merce-de-Barcelone-1024x474.jpg\" class=\"attachment-large size-large wp-image-9122\" alt=\"La Merc\u00e8 de Barcelone\" srcset=\"https:\/\/www.hispanoa.com\/actualite\/wp-content\/uploads\/2025\/10\/La-Merce-de-Barcelone-1024x474.jpg 1024w, https:\/\/www.hispanoa.com\/actualite\/wp-content\/uploads\/2025\/10\/La-Merce-de-Barcelone-290x134.jpg 290w, https:\/\/www.hispanoa.com\/actualite\/wp-content\/uploads\/2025\/10\/La-Merce-de-Barcelone-768x356.jpg 768w, https:\/\/www.hispanoa.com\/actualite\/wp-content\/uploads\/2025\/10\/La-Merce-de-Barcelone.avif 1080w\" sizes=\"(max-width: 1024px) 100vw, 1024px\" \/>\t\t\t\t\t\t\t\t\t\t\t\t\t\t\t<\/div>\n\t\t\t\t<\/div>\n\t\t\t\t<div class=\"elementor-element elementor-element-9b01446 elementor-widget elementor-widget-heading\" data-id=\"9b01446\" data-element_type=\"widget\" data-e-type=\"widget\" data-widget_type=\"heading.default\">\n\t\t\t\t<div class=\"elementor-widget-container\">\n\t\t\t\t\t<h2 class=\"elementor-heading-title elementor-size-default\">La Merc\u00e8 de Barcelone<\/h2>\t\t\t\t<\/div>\n\t\t\t\t<\/div>\n\t\t\t\t<div class=\"elementor-element elementor-element-8095483 elementor-widget elementor-widget-text-editor\" data-id=\"8095483\" data-element_type=\"widget\" data-e-type=\"widget\" data-widget_type=\"text-editor.default\">\n\t\t\t\t<div class=\"elementor-widget-container\">\n\t\t\t\t\t\t\t\t\t<p><strong>Vers le 24 septembre<\/strong>, Barcelone vit ses <strong>Festes<\/strong> <strong>de la Merc\u00e8<\/strong>. Cette <strong>f\u00eate en Espagne<\/strong> dure <strong>4 \u00e0 5 jours<\/strong>. Parmi les festivit\u00e9s :<\/p><ul><li>Les <strong>castellers<\/strong>, des tours humaines impressionnantes.<\/li><li>Les <strong>gegants<\/strong> et <strong>capgrossos<\/strong> qui paradent.<\/li><li>Les <strong>correfocs<\/strong>, des d\u00e9mons costum\u00e9s courant dans les rues dans une atmosph\u00e8re \u00e9lectrique.<\/li><li>Le soir du final, le <strong>piromusical<\/strong> illumine la ville.<\/li><\/ul><p><strong>Conseil pratique<\/strong> : si vous assistez \u00e0 un correfoc, portez des v\u00eatements en coton et couvrez vos cheveux. Les \u00e9tincelles sont partout !<\/p>\t\t\t\t\t\t\t\t<\/div>\n\t\t\t\t<\/div>\n\t\t\t\t\t<\/div>\n\t\t\t\t<\/div>\n\t\t<div class=\"elementor-element elementor-element-501fcbd e-flex e-con-boxed wpr-particle-no wpr-jarallax-no wpr-parallax-no wpr-sticky-section-no wpr-equal-height-no e-con e-parent\" data-id=\"501fcbd\" data-element_type=\"container\" data-e-type=\"container\">\n\t\t\t\t\t<div class=\"e-con-inner\">\n\t\t\t\t<div class=\"elementor-element elementor-element-0b6f0b1 elementor-widget-divider--view-line elementor-widget elementor-widget-divider\" data-id=\"0b6f0b1\" data-element_type=\"widget\" data-e-type=\"widget\" id=\"titre8\" data-widget_type=\"divider.default\">\n\t\t\t\t<div class=\"elementor-widget-container\">\n\t\t\t\t\t\t\t<div class=\"elementor-divider\">\n\t\t\t<span class=\"elementor-divider-separator\">\n\t\t\t\t\t\t<\/span>\n\t\t<\/div>\n\t\t\t\t\t\t<\/div>\n\t\t\t\t<\/div>\n\t\t\t\t<div class=\"elementor-element elementor-element-36e8e4d elementor-widget elementor-widget-image\" data-id=\"36e8e4d\" data-element_type=\"widget\" data-e-type=\"widget\" data-widget_type=\"image.default\">\n\t\t\t\t<div class=\"elementor-widget-container\">\n\t\t\t\t\t\t\t\t\t\t\t\t\t\t\t<img loading=\"lazy\" decoding=\"async\" width=\"1024\" height=\"474\" src=\"https:\/\/www.hispanoa.com\/actualite\/wp-content\/uploads\/2025\/10\/Les-fetes-de-Noel-en-Espagne-1024x474.jpg\" class=\"attachment-large size-large wp-image-9119\" alt=\"Les f\u00eates de No\u00ebl en Espagne\" srcset=\"https:\/\/www.hispanoa.com\/actualite\/wp-content\/uploads\/2025\/10\/Les-fetes-de-Noel-en-Espagne-1024x474.jpg 1024w, https:\/\/www.hispanoa.com\/actualite\/wp-content\/uploads\/2025\/10\/Les-fetes-de-Noel-en-Espagne-290x134.jpg 290w, https:\/\/www.hispanoa.com\/actualite\/wp-content\/uploads\/2025\/10\/Les-fetes-de-Noel-en-Espagne-768x356.jpg 768w, https:\/\/www.hispanoa.com\/actualite\/wp-content\/uploads\/2025\/10\/Les-fetes-de-Noel-en-Espagne.avif 1080w\" sizes=\"(max-width: 1024px) 100vw, 1024px\" \/>\t\t\t\t\t\t\t\t\t\t\t\t\t\t\t<\/div>\n\t\t\t\t<\/div>\n\t\t\t\t<div class=\"elementor-element elementor-element-059cae7 elementor-widget elementor-widget-heading\" data-id=\"059cae7\" data-element_type=\"widget\" data-e-type=\"widget\" data-widget_type=\"heading.default\">\n\t\t\t\t<div class=\"elementor-widget-container\">\n\t\t\t\t\t<h2 class=\"elementor-heading-title elementor-size-default\">Les f\u00eates de No\u00ebl en Espagne<\/h2>\t\t\t\t<\/div>\n\t\t\t\t<\/div>\n\t\t\t\t<div class=\"elementor-element elementor-element-3f38d41 elementor-widget elementor-widget-text-editor\" data-id=\"3f38d41\" data-element_type=\"widget\" data-e-type=\"widget\" data-widget_type=\"text-editor.default\">\n\t\t\t\t<div class=\"elementor-widget-container\">\n\t\t\t\t\t\t\t\t\t<p>En <strong>Espagne<\/strong>, les <strong>traditions de No\u00ebl<\/strong> sont pleines de magie :<\/p><ul><li>La <strong>Nochebuena<\/strong> (la veille de No\u00ebl) est une <strong>f\u00eate<\/strong> en famille avec un grand repas.<\/li><li>Le <strong>28 d\u00e9cembre<\/strong>, le <strong>D\u00eda<\/strong> <strong>de los Inocentes<\/strong> est l&#8217;\u00e9quivalent de notre poisson d&#8217;avril !<\/li><li>Le <strong>31<\/strong>, le <strong>D\u00eda de las Doce Uvas<\/strong> est une tradition incontournable. \u00c0 minuit, chaque Espagnol avale un grain de raisin \u00e0 chaque coup de l&#8217;horloge pour s&#8217;assurer une bonne ann\u00e9e !<\/li><li>Le <strong>6 janvier<\/strong>, le pays entier c\u00e9l\u00e8bre le <strong>D\u00eda de Reyes<\/strong>, et les enfants re\u00e7oivent leurs cadeaux.<\/li><\/ul>\t\t\t\t\t\t\t\t<\/div>\n\t\t\t\t<\/div>\n\t\t\t\t\t<\/div>\n\t\t\t\t<\/div>\n\t\t<div class=\"elementor-element elementor-element-0bfbeca e-flex e-con-boxed wpr-particle-no wpr-jarallax-no wpr-parallax-no wpr-sticky-section-no wpr-equal-height-no e-con e-parent\" data-id=\"0bfbeca\" data-element_type=\"container\" data-e-type=\"container\">\n\t\t\t\t\t<div class=\"e-con-inner\">\n\t\t\t\t<div class=\"elementor-element elementor-element-6b80e69 elementor-widget-divider--view-line elementor-widget elementor-widget-divider\" data-id=\"6b80e69\" data-element_type=\"widget\" data-e-type=\"widget\" data-widget_type=\"divider.default\">\n\t\t\t\t<div class=\"elementor-widget-container\">\n\t\t\t\t\t\t\t<div class=\"elementor-divider\">\n\t\t\t<span class=\"elementor-divider-separator\">\n\t\t\t\t\t\t<\/span>\n\t\t<\/div>\n\t\t\t\t\t\t<\/div>\n\t\t\t\t<\/div>\n\t\t\t\t<div class=\"elementor-element elementor-element-5363a29 elementor-widget elementor-widget-text-editor\" data-id=\"5363a29\" data-element_type=\"widget\" data-e-type=\"widget\" data-widget_type=\"text-editor.default\">\n\t\t\t\t<div class=\"elementor-widget-container\">\n\t\t\t\t\t\t\t\t\t<p>Envie de faire la <strong>f\u00eate<\/strong> ? Pour vivre pleinement ces moments magiques, trouvez votre refuge id\u00e9al. <strong>R\u00e9servez votre location de vacances en Espagne avec Hispanoa<\/strong> et vivez une exp\u00e9rience authentique, au plus pr\u00e8s des traditions !<\/p>\t\t\t\t\t\t\t\t<\/div>\n\t\t\t\t<\/div>\n\t\t\t\t\t<\/div>\n\t\t\t\t<\/div>\n\t\t<div class=\"elementor-element elementor-element-70d71b1 e-flex e-con-boxed wpr-particle-no wpr-jarallax-no wpr-parallax-no wpr-sticky-section-no wpr-equal-height-no e-con e-parent\" data-id=\"70d71b1\" data-element_type=\"container\" data-e-type=\"container\">\n\t\t\t\t\t<div class=\"e-con-inner\">\n\t\t<div class=\"elementor-element elementor-element-6f3df6a e-con-full e-flex wpr-particle-no wpr-jarallax-no wpr-parallax-no wpr-sticky-section-no wpr-equal-height-no e-con e-child\" data-id=\"6f3df6a\" data-element_type=\"container\" data-e-type=\"container\" data-settings=\"{&quot;background_background&quot;:&quot;classic&quot;}\">\n\t\t\t\t<div class=\"elementor-element elementor-element-be723d4 wpr-author-box-arrange-left elementor-widget elementor-widget-wpr-author-box\" data-id=\"be723d4\" data-element_type=\"widget\" data-e-type=\"widget\" data-widget_type=\"wpr-author-box.default\">\n\t\t\t\t<div class=\"elementor-widget-container\">\n\t\t\t\t\t<div class=\"wpr-author-box\"><div class=\"wpr-author-box-image\"><a href=\"https:\/\/www.hispanoa.com\/actualite\/author\/cedric\/\" target=\"_self\"><img alt='' src='https:\/\/secure.gravatar.com\/avatar\/31fd29a1b32cb0743d833b27ab84273e?s=264&#038;d=mm&#038;r=g' class='avatar avatar-264 photo' height='264' width='264' \/><\/a><\/div><div class=\"wpr-author-box-text\"><P class=\"wpr-author-box-name\"><a href=\"https:\/\/www.hispanoa.com\/actualite\/author\/cedric\/\" target=\"_self\">C\u00e9dric Hamon<\/a><\/P><P class=\"wpr-author-box-title\"><a href=\"https:\/\/www.hispanoa.com\/actualite\/author\/cedric\/\" target=\"_self\">R\u00e9dacteur Hispanoa<\/a><\/P><\/div><\/div>\t\t\t\t<\/div>\n\t\t\t\t<\/div>\n\t\t\t\t<\/div>\n\t\t\t\t\t<\/div>\n\t\t\t\t<\/div>\n\t\t<div class=\"elementor-element elementor-element-3e5107e e-flex e-con-boxed wpr-particle-no wpr-jarallax-no wpr-parallax-no wpr-sticky-section-no wpr-equal-height-no e-con e-parent\" data-id=\"3e5107e\" data-element_type=\"container\" data-e-type=\"container\">\n\t\t\t\t\t<div class=\"e-con-inner\">\n\t\t\t\t<div class=\"elementor-element elementor-element-992669a wpr-stt-btn-align-fixed wpr-stt-btn-align-fixed-right elementor-widget elementor-widget-wpr-back-to-top\" data-id=\"992669a\" data-element_type=\"widget\" data-e-type=\"widget\" data-widget_type=\"wpr-back-to-top.default\">\n\t\t\t\t<div class=\"elementor-widget-container\">\n\t\t\t\t\t<div class=\"wpr-stt-wrapper\"><div class='wpr-stt-btn' data-settings='{&quot;animation&quot;:&quot;fade&quot;,&quot;animationOffset&quot;:&quot;6&quot;,&quot;animationDuration&quot;:&quot;80&quot;,&quot;fixed&quot;:&quot;fixed&quot;,&quot;scrolAnim&quot;:&quot;800&quot;}'><span class=\"wpr-stt-icon\"><svg class=\"e-font-icon-svg e-fas-chevron-up\" viewBox=\"0 0 448 512\" xmlns=\"http:\/\/www.w3.org\/2000\/svg\"><path d=\"M240.971 130.524l194.343 194.343c9.373 9.373 9.373 24.569 0 33.941l-22.667 22.667c-9.357 9.357-24.522 9.375-33.901.04L224 227.495 69.255 381.516c-9.379 9.335-24.544 9.317-33.901-.04l-22.667-22.667c-9.373-9.373-9.373-24.569 0-33.941L207.03 130.525c9.372-9.373 24.568-9.373 33.941-.001z\"><\/path><\/svg><\/span><\/div><\/div>\t\t\t\t<\/div>\n\t\t\t\t<\/div>\n\t\t\t\t\t<\/div>\n\t\t\t\t<\/div>\n\t\t<div class=\"elementor-element elementor-element-fe3e335 e-flex e-con-boxed wpr-particle-no wpr-jarallax-no wpr-parallax-no wpr-sticky-section-no wpr-equal-height-no e-con e-parent\" data-id=\"fe3e335\" data-element_type=\"container\" data-e-type=\"container\">\n\t\t\t\t\t<div class=\"e-con-inner\">\n\t\t\t\t<div class=\"elementor-element elementor-element-5876b4d elementor-widget elementor-widget-wpr-reading-progress-bar\" data-id=\"5876b4d\" data-element_type=\"widget\" data-e-type=\"widget\" data-widget_type=\"wpr-reading-progress-bar.default\">\n\t\t\t\t<div class=\"elementor-widget-container\">\n\t\t\t\t\t<div class=\"wpr-reading-progress-bar-container\" data-background-type=\"transparent\"><div class=\"wpr-reading-progress-bar\"><\/div><\/div>\t\t\t\t<\/div>\n\t\t\t\t<\/div>\n\t\t\t\t\t<\/div>\n\t\t\t\t<\/div>\n\t\t\t\t<\/div>\n\t\t","protected":false},"excerpt":{"rendered":"<p>Sommaire Le Carnaval de Santa Cruz Las Fallas de Valence La Semaine Sainte de Malaga La Feria de Abril de S\u00e9ville Les F\u00eates de San Ferm\u00edn La Tomatina de Bu\u00f1ol<\/p>\n","protected":false},"author":15,"featured_media":9146,"comment_status":"closed","ping_status":"closed","sticky":false,"template":"elementor_theme","format":"standard","meta":{"_seopress_robots_primary_cat":"none","_seopress_titles_title":"F\u00eates & traditions espagnoles : le calendrier des \u00e9v\u00e9nements","_seopress_titles_desc":"D\u00e9couvrez les f\u00eates embl\u00e9matiques d\u2019Espagne : Carnaval, Fallas, Semana Santa, San Ferm\u00edn, Tomatina, Feria de Abril\u2026 Le guide des incontournables.","_seopress_robots_index":"","ocean_post_layout":"","ocean_both_sidebars_style":"","ocean_both_sidebars_content_width":0,"ocean_both_sidebars_sidebars_width":0,"ocean_sidebar":"0","ocean_second_sidebar":"0","ocean_disable_margins":"enable","ocean_add_body_class":"","ocean_shortcode_before_top_bar":"","ocean_shortcode_after_top_bar":"","ocean_shortcode_before_header":"","ocean_shortcode_after_header":"","ocean_has_shortcode":"","ocean_shortcode_after_title":"","ocean_shortcode_before_footer_widgets":"","ocean_shortcode_after_footer_widgets":"","ocean_shortcode_before_footer_bottom":"","ocean_shortcode_after_footer_bottom":"","ocean_display_top_bar":"default","ocean_display_header":"default","ocean_header_style":"","ocean_center_header_left_menu":"0","ocean_custom_header_template":"0","ocean_custom_logo":0,"ocean_custom_retina_logo":0,"ocean_custom_logo_max_width":0,"ocean_custom_logo_tablet_max_width":0,"ocean_custom_logo_mobile_max_width":0,"ocean_custom_logo_max_height":0,"ocean_custom_logo_tablet_max_height":0,"ocean_custom_logo_mobile_max_height":0,"ocean_header_custom_menu":"0","ocean_menu_typo_font_family":"0","ocean_menu_typo_font_subset":"","ocean_menu_typo_font_size":0,"ocean_menu_typo_font_size_tablet":0,"ocean_menu_typo_font_size_mobile":0,"ocean_menu_typo_font_size_unit":"px","ocean_menu_typo_font_weight":"","ocean_menu_typo_font_weight_tablet":"","ocean_menu_typo_font_weight_mobile":"","ocean_menu_typo_transform":"","ocean_menu_typo_transform_tablet":"","ocean_menu_typo_transform_mobile":"","ocean_menu_typo_line_height":0,"ocean_menu_typo_line_height_tablet":0,"ocean_menu_typo_line_height_mobile":0,"ocean_menu_typo_line_height_unit":"","ocean_menu_typo_spacing":0,"ocean_menu_typo_spacing_tablet":0,"ocean_menu_typo_spacing_mobile":0,"ocean_menu_typo_spacing_unit":"","ocean_menu_link_color":"","ocean_menu_link_color_hover":"","ocean_menu_link_color_active":"","ocean_menu_link_background":"","ocean_menu_link_hover_background":"","ocean_menu_link_active_background":"","ocean_menu_social_links_bg":"","ocean_menu_social_hover_links_bg":"","ocean_menu_social_links_color":"","ocean_menu_social_hover_links_color":"","ocean_disable_title":"default","ocean_disable_heading":"default","ocean_post_title":"","ocean_post_subheading":"","ocean_post_title_style":"","ocean_post_title_background_color":"","ocean_post_title_background":0,"ocean_post_title_bg_image_position":"","ocean_post_title_bg_image_attachment":"","ocean_post_title_bg_image_repeat":"","ocean_post_title_bg_image_size":"","ocean_post_title_height":0,"ocean_post_title_bg_overlay":0.5,"ocean_post_title_bg_overlay_color":"","ocean_disable_breadcrumbs":"default","ocean_breadcrumbs_color":"","ocean_breadcrumbs_separator_color":"","ocean_breadcrumbs_links_color":"","ocean_breadcrumbs_links_hover_color":"","ocean_display_footer_widgets":"default","ocean_display_footer_bottom":"default","ocean_custom_footer_template":"0","ocean_post_oembed":"","ocean_post_self_hosted_media":"","ocean_post_video_embed":"","ocean_link_format":"","ocean_link_format_target":"self","ocean_quote_format":"","ocean_quote_format_link":"post","ocean_gallery_link_images":"on","ocean_gallery_id":[],"footnotes":""},"categories":[230],"tags":[],"class_list":["post-9080","post","type-post","status-publish","format-standard","has-post-thumbnail","hentry","category-vacances-en-espagne","entry","has-media"],"_links":{"self":[{"href":"https:\/\/www.hispanoa.com\/actualite\/wp-json\/wp\/v2\/posts\/9080","targetHints":{"allow":["GET"]}}],"collection":[{"href":"https:\/\/www.hispanoa.com\/actualite\/wp-json\/wp\/v2\/posts"}],"about":[{"href":"https:\/\/www.hispanoa.com\/actualite\/wp-json\/wp\/v2\/types\/post"}],"author":[{"embeddable":true,"href":"https:\/\/www.hispanoa.com\/actualite\/wp-json\/wp\/v2\/users\/15"}],"replies":[{"embeddable":true,"href":"https:\/\/www.hispanoa.com\/actualite\/wp-json\/wp\/v2\/comments?post=9080"}],"version-history":[{"count":15,"href":"https:\/\/www.hispanoa.com\/actualite\/wp-json\/wp\/v2\/posts\/9080\/revisions"}],"predecessor-version":[{"id":9170,"href":"https:\/\/www.hispanoa.com\/actualite\/wp-json\/wp\/v2\/posts\/9080\/revisions\/9170"}],"wp:featuredmedia":[{"embeddable":true,"href":"https:\/\/www.hispanoa.com\/actualite\/wp-json\/wp\/v2\/media\/9146"}],"wp:attachment":[{"href":"https:\/\/www.hispanoa.com\/actualite\/wp-json\/wp\/v2\/media?parent=9080"}],"wp:term":[{"taxonomy":"category","embeddable":true,"href":"https:\/\/www.hispanoa.com\/actualite\/wp-json\/wp\/v2\/categories?post=9080"},{"taxonomy":"post_tag","embeddable":true,"href":"https:\/\/www.hispanoa.com\/actualite\/wp-json\/wp\/v2\/tags?post=9080"}],"curies":[{"name":"wp","href":"https:\/\/api.w.org\/{rel}","templated":true}]}}